{"id":4415,"date":"2024-12-10T16:27:58","date_gmt":"2024-12-10T15:27:58","guid":{"rendered":"https:\/\/schoolfood4change.eu\/es\/?p=4415"},"modified":"2025-03-31T16:40:46","modified_gmt":"2025-03-31T14:40:46","slug":"aspectos-destacados-de-la-asamblea-general-en-praga-de-este-ano","status":"publish","type":"post","link":"https:\/\/schoolfood4change.eu\/es\/blog\/2024\/12\/10\/aspectos-destacados-de-la-asamblea-general-en-praga-de-este-ano\/","title":{"rendered":"Aspectos destacados de la Asamblea General en Praga de este a\u00f1o"},"content":{"rendered":"\n<p class=\" eplus-wrapper\"><\/p>\n\n\n\n<p class=\" eplus-wrapper\">La tercera Asamblea General y Reuni\u00f3n del Consorcio de SchoolFood4Change se celebr\u00f3 en Praga del 9 al 11 de octubre de 2024. Fue organizada por las organizaciones socias <a href=\"https:\/\/www.skutecnezdravaskola.cz\/\"><mark class=\"has-inline-color has-317275-color\">Skute\u010dn\u011b zdrav\u00e1 \u0161kola<\/mark><\/a> e ICLEI Europe en el hist\u00f3rico Ayuntamiento de Praga. El evento cont\u00f3 con dos d\u00edas completos de sesiones inspiradoras y visitas escolares enriquecedoras, reuniendo a 80 representantes de socios del proyecto y ciudades de r\u00e9plica.<\/p>\n\n\n\n<p class=\" eplus-wrapper\"><strong><mark class=\"has-inline-color has-317275-color\">SISTEMA DE ALIMENTACI\u00d3N ESCOLAR DE LA REP\u00daBLICA CHECA<\/mark><\/strong><\/p>\n\n\n\n<p class=\" eplus-wrapper\">El evento fue inaugurado por Eli\u0161ka Selinger, del Instituto Nacional de Salud P\u00fablica, quien present\u00f3 la reforma en curso del sistema de alimentaci\u00f3n escolar checo.<\/p>\n\n\n\n<p class=\" eplus-wrapper\">El pa\u00eds cuenta con 8556 comedores escolares que preparan 383 millones de comidas al a\u00f1o para 2 millones de ni\u00f1os. Las comidas escolares que se sirven en la Rep\u00fablica Checa deben cumplir ciertos criterios: deben ser atractivas en apariencia, sabor y aroma; nutricionalmente equilibradas; Equitativo y sostenible, con un enfoque en opciones org\u00e1nicas, de temporada y basadas en plantas. Todos los ni\u00f1os deben tener acceso a alimentos de alta calidad.<\/p>\n\n\n\n<p class=\" eplus-wrapper\"><strong><mark class=\"has-inline-color has-317275-color\">APROVECHANDO EL MOMENTO PARA APRENDER UNOS DE OTROS<\/mark><\/strong><\/p>\n\n\n\n<p class=\" eplus-wrapper\">Con el objetivo de inspirarnos, aprender unos de otros y tambi\u00e9n ayudarnos mutuamente compartiendo conocimientos, varias ciudades de SchoolFood4Change compartieron historias impactantes durante el encuentro:<\/p>\n\n\n\n<p class=\" eplus-wrapper\">El Municipio de <strong>Nuoro (Italia)<\/strong> inform\u00f3 sobre la exitosa organizaci\u00f3n de un di\u00e1logo de mercado, que reuni\u00f3 a actores locales y regionales y a legisladores para hablar sobre la alimentaci\u00f3n escolar y la educaci\u00f3n alimentaria.<\/p>\n\n\n\n<p class=\" eplus-wrapper\">Durante la Asamblea General, la Fondazione Ecosistemi present\u00f3 su Calculadora Ambiental.<br>La Ciudad de<strong> N\u00faremberg (Alemania) <\/strong>destac\u00f3 la iniciativa \u00abPlatos Saludables y Mentes Brillantes\u00bb para impulsar una pol\u00edtica de alimentaci\u00f3n escolar a nivel municipal.<\/p>\n\n\n\n<p class=\" eplus-wrapper\">En la <strong>Comunidad Valenciana (Espa\u00f1a)<\/strong>, alrededor de 1000 escuelas y centros preescolares se han unido al programa SchoolFood4Change e invierten tiempo, esfuerzo y compromiso en la implementaci\u00f3n diaria del Enfoque Integral de la Alimentaci\u00f3n Escolar. Durante el \u00faltimo a\u00f1o, la ciudad belga de <strong>Lovaina <\/strong>se centr\u00f3 en la preparaci\u00f3n y promoci\u00f3n de una nueva estrategia alimentaria y en el papel de las empresas de catering sostenibles que priorizan la sostenibilidad. El D\u00eda del Comedor de la ciudad de <strong>Essen (Alemania)<\/strong>, coorganizado con el Consejo de Pol\u00edtica Alimentaria local y varias ONG, fue todo un \u00e9xito (m\u00e1s informaci\u00f3n aqu\u00ed) y sirve de inspiraci\u00f3n para otros socios del proyecto que planean organizar jornadas tem\u00e1ticas similares en 2025.<\/p>\n\n\n\n<p class=\" eplus-wrapper\">La ciudad de <strong>Mil\u00e1n<\/strong> logr\u00f3 comenzar a implementar el Enfoque de Alimentaci\u00f3n Escolar Integral y los hermanamientos de la granja a la escuela (donde las escuelas organizan visitas a granjas para sus alumnos) en 15 escuelas y dos granjas urbanas. Durante la segunda formaci\u00f3n para cocineros de comedores escolares, organizada por la <strong>Universidad de Ciencias Gastron\u00f3micas de Pollenzo<\/strong> (Italia) (m\u00e1s informaci\u00f3n aqu\u00ed), se destac\u00f3 una vez m\u00e1s el importante y cambiante papel de los cocineros y su visi\u00f3n para los comedores escolares.<\/p>\n\n\n\n<p class=\" eplus-wrapper\">Cocineros de 18 ciudades europeas compartieron sus experiencias, enfatizando la importancia de la educaci\u00f3n del gusto y la alfabetizaci\u00f3n alimentaria en los comedores escolares.<\/p>\n\n\n\n<p class=\" eplus-wrapper\"><strong><mark class=\"has-inline-color has-317275-color\">UN VISTAZO A LOS PLATOS DE OTROS<\/mark><\/strong><\/p>\n\n\n\n<p class=\" eplus-wrapper\">Charlotte Long, de <mark class=\"has-inline-color has-317275-color\"><a href=\"https:\/\/www.foodforlife.org.uk\/\">Food for Life<\/a> <\/mark>(Reino Unido), comparti\u00f3 sus ideas sobre la implementaci\u00f3n del \u00abEnfoque Integral de la Alimentaci\u00f3n Escolar\u00bb, que actualmente llega a 250.000 ni\u00f1os en 600 escuelas de todo el Reino Unido. Como resultado principal, los alumnos de las escuelas colaboradoras de Food for Life tienen el doble de probabilidades de consumir cinco porciones de fruta y verdura al d\u00eda en comparaci\u00f3n con los de otras escuelas. La historia de \u00e9xito de Food for Life, que cuenta con el apoyo de la <a href=\"https:\/\/www.soilassociation.org\/\"><mark class=\"has-inline-color has-317275-color\">Soil Association<\/mark><\/a>, sirve de modelo a seguir para SchoolFood4Change y demuestra que el cambio es posible si todos colaboramos.<\/p>\n\n\n\n<p class=\" eplus-wrapper\"><strong><mark class=\"has-inline-color has-317275-color\">\u00a1A LA ESCUELA!<\/mark><\/strong><\/p>\n\n\n\n<p class=\" eplus-wrapper\">El \u00faltimo d\u00eda del evento, los participantes tuvieron la oportunidad de visitar la Mate\u0159sk\u00e1 \u0161kola Sem\u00ednko, una escuela infantil del Centro Educativo Ambiental Toulc\u016fv dv\u016fr, que se centra en la educaci\u00f3n ambiental y ecol\u00f3gica. Los ni\u00f1os pasan gran parte de su tiempo al aire libre, interactuando con la naturaleza, los animales y el entorno que los rodea. La guarder\u00eda sirve comida org\u00e1nica.<\/p>\n\n\n\n<p class=\" eplus-wrapper\">La segunda visita fue a la Fakultn\u00ed z\u00e1kladn\u00ed \u0161kola profesora Otokara Chlupa, donde los participantes disfrutaron de un almuerzo en el comedor escolar y conocieron a ni\u00f1os que presentaron con orgullo sus proyectos sobre huertos escolares, d\u00edas de comedor y gesti\u00f3n de residuos alimentarios.<\/p>\n\n\n\n<p class=\" has-text-align-center eplus-wrapper\"><strong>Ambas visitas dejaron una profunda huella en todos los miembros del proyecto y nos recordaron por qu\u00e9 hacemos este trabajo.<\/strong><\/p>\n\n\n\n<div class=\"wp-block-buttons eplus-wrapper is-layout-flex wp-block-buttons-is-layout-flex\">\n<div class=\" wp-block-button eplus-wrapper\"><a class=\"wp-block-button__link wp-element-button\" href=\"https:\/\/schoolfood4change.eu\/es\/news\/\">Volver al men\u00fa principal<\/a><\/div>\n<\/div>\n","protected":false},"excerpt":{"rendered":"<p>La tercera Asamblea General y Reuni\u00f3n del Consorcio de SchoolFood4Change se celebr\u00f3 en Praga del 9 al 11 de octubre de 2024. Fue organizada por las organizaciones socias Skute\u010dn\u011b zdrav\u00e1 \u0161kola e ICLEI Europe en el hist\u00f3rico Ayuntamiento de Praga. El evento cont\u00f3 con dos d\u00edas completos de sesiones inspiradoras y visitas escolares enriquecedoras, reuniendo [&hellip;]<\/p>\n","protected":false},"author":13,"featured_media":4417,"comment_status":"closed","ping_status":"closed","sticky":false,"template":"","format":"standard","meta":{"_acf_changed":false,"inline_featured_image":false,"editor_plus_copied_stylings":"{}","footnotes":""},"categories":[52,19],"tags":[],"class_list":["post-4415","post","type-post","status-publish","format-standard","has-post-thumbnail","hentry","category-food","category-news"],"blocksy_meta":{"styles_descriptor":{"styles":{"desktop":"","tablet":"","mobile":""},"google_fonts":[],"version":6}},"acf":[],"yoast_head":"<!-- This site is optimized with the Yoast SEO plugin v27.4 - https:\/\/yoast.com\/product\/yoast-seo-wordpress\/ -->\n<title>Aspectos destacados de la Asamblea General en Praga de este a\u00f1o - SchoolFood4Change ES<\/title>\n<meta name=\"description\" content=\"La tercera Asamblea General y Reuni\u00f3n del Consorcio de SchoolFood4Change se celebr\u00f3 en Praga del 9 al 11 de octubre de 2024. Fue organizada por las organizaciones socias Skute\u010dn\u011b zdrav\u00e1 \u0161kola e ICLEI Europe en el hist\u00f3rico Ayuntamiento de Praga. El evento cont\u00f3 con dos d\u00edas completos de sesiones inspiradoras y visitas escolares enriquecedoras, reuniendo a 80 representantes de socios del proyecto y ciudades replicadas.\" \/>\n<meta name=\"robots\" content=\"index, follow, max-snippet:-1, max-image-preview:large, max-video-preview:-1\" \/>\n<link rel=\"canonical\" href=\"https:\/\/schoolfood4change.eu\/es\/blog\/2024\/12\/10\/aspectos-destacados-de-la-asamblea-general-en-praga-de-este-ano\/\" \/>\n<meta property=\"og:locale\" content=\"es_ES\" \/>\n<meta property=\"og:type\" content=\"article\" \/>\n<meta property=\"og:title\" content=\"Aspectos destacados de la Asamblea General en Praga de este a\u00f1o - SchoolFood4Change ES\" \/>\n<meta property=\"og:description\" content=\"La tercera Asamblea General y Reuni\u00f3n del Consorcio de SchoolFood4Change se celebr\u00f3 en Praga del 9 al 11 de octubre de 2024. Fue organizada por las organizaciones socias Skute\u010dn\u011b zdrav\u00e1 \u0161kola e ICLEI Europe en el hist\u00f3rico Ayuntamiento de Praga. El evento cont\u00f3 con dos d\u00edas completos de sesiones inspiradoras y visitas escolares enriquecedoras, reuniendo a 80 representantes de socios del proyecto y ciudades replicadas.\" \/>\n<meta property=\"og:url\" content=\"https:\/\/schoolfood4change.eu\/es\/blog\/2024\/12\/10\/aspectos-destacados-de-la-asamblea-general-en-praga-de-este-ano\/\" \/>\n<meta property=\"og:site_name\" content=\"SchoolFood4Change ES\" \/>\n<meta property=\"article:published_time\" content=\"2024-12-10T15:27:58+00:00\" \/>\n<meta property=\"article:modified_time\" content=\"2025-03-31T14:40:46+00:00\" \/>\n<meta property=\"og:image\" content=\"https:\/\/schoolfood4change.eu\/es\/wp-content\/uploads\/sites\/13\/2024\/12\/SF4C_Prague_Group-picture_fun-2048x1365-1.jpg\" \/>\n\t<meta property=\"og:image:width\" content=\"2048\" \/>\n\t<meta property=\"og:image:height\" content=\"1365\" \/>\n\t<meta property=\"og:image:type\" content=\"image\/jpeg\" \/>\n<meta name=\"author\" content=\"ividals\" \/>\n<meta name=\"twitter:card\" content=\"summary_large_image\" \/>\n<meta name=\"twitter:label1\" content=\"Escrito por\" \/>\n\t<meta name=\"twitter:data1\" content=\"ividals\" \/>\n\t<meta name=\"twitter:label2\" content=\"Tiempo de lectura\" \/>\n\t<meta name=\"twitter:data2\" content=\"4 minutos\" \/>\n<script type=\"application\/ld+json\" class=\"yoast-schema-graph\">{\"@context\":\"https:\\\/\\\/schema.org\",\"@graph\":[{\"@type\":\"Article\",\"@id\":\"https:\\\/\\\/schoolfood4change.eu\\\/es\\\/blog\\\/2024\\\/12\\\/10\\\/aspectos-destacados-de-la-asamblea-general-en-praga-de-este-ano\\\/#article\",\"isPartOf\":{\"@id\":\"https:\\\/\\\/schoolfood4change.eu\\\/es\\\/blog\\\/2024\\\/12\\\/10\\\/aspectos-destacados-de-la-asamblea-general-en-praga-de-este-ano\\\/\"},\"author\":{\"name\":\"ividals\",\"@id\":\"https:\\\/\\\/schoolfood4change.eu\\\/es\\\/#\\\/schema\\\/person\\\/110a533e548cd9d84cf378217b2a73b9\"},\"headline\":\"Aspectos destacados de la Asamblea General en Praga de este a\u00f1o\",\"datePublished\":\"2024-12-10T15:27:58+00:00\",\"dateModified\":\"2025-03-31T14:40:46+00:00\",\"mainEntityOfPage\":{\"@id\":\"https:\\\/\\\/schoolfood4change.eu\\\/es\\\/blog\\\/2024\\\/12\\\/10\\\/aspectos-destacados-de-la-asamblea-general-en-praga-de-este-ano\\\/\"},\"wordCount\":804,\"publisher\":{\"@id\":\"https:\\\/\\\/schoolfood4change.eu\\\/es\\\/#organization\"},\"image\":{\"@id\":\"https:\\\/\\\/schoolfood4change.eu\\\/es\\\/blog\\\/2024\\\/12\\\/10\\\/aspectos-destacados-de-la-asamblea-general-en-praga-de-este-ano\\\/#primaryimage\"},\"thumbnailUrl\":\"https:\\\/\\\/schoolfood4change.eu\\\/es\\\/wp-content\\\/uploads\\\/sites\\\/13\\\/2024\\\/12\\\/SF4C_Prague_Group-picture_fun-2048x1365-1.jpg\",\"articleSection\":[\"Food\",\"News\"],\"inLanguage\":\"es\"},{\"@type\":\"WebPage\",\"@id\":\"https:\\\/\\\/schoolfood4change.eu\\\/es\\\/blog\\\/2024\\\/12\\\/10\\\/aspectos-destacados-de-la-asamblea-general-en-praga-de-este-ano\\\/\",\"url\":\"https:\\\/\\\/schoolfood4change.eu\\\/es\\\/blog\\\/2024\\\/12\\\/10\\\/aspectos-destacados-de-la-asamblea-general-en-praga-de-este-ano\\\/\",\"name\":\"Aspectos destacados de la Asamblea General en Praga de este a\u00f1o - SchoolFood4Change ES\",\"isPartOf\":{\"@id\":\"https:\\\/\\\/schoolfood4change.eu\\\/es\\\/#website\"},\"primaryImageOfPage\":{\"@id\":\"https:\\\/\\\/schoolfood4change.eu\\\/es\\\/blog\\\/2024\\\/12\\\/10\\\/aspectos-destacados-de-la-asamblea-general-en-praga-de-este-ano\\\/#primaryimage\"},\"image\":{\"@id\":\"https:\\\/\\\/schoolfood4change.eu\\\/es\\\/blog\\\/2024\\\/12\\\/10\\\/aspectos-destacados-de-la-asamblea-general-en-praga-de-este-ano\\\/#primaryimage\"},\"thumbnailUrl\":\"https:\\\/\\\/schoolfood4change.eu\\\/es\\\/wp-content\\\/uploads\\\/sites\\\/13\\\/2024\\\/12\\\/SF4C_Prague_Group-picture_fun-2048x1365-1.jpg\",\"datePublished\":\"2024-12-10T15:27:58+00:00\",\"dateModified\":\"2025-03-31T14:40:46+00:00\",\"description\":\"La tercera Asamblea General y Reuni\u00f3n del Consorcio de SchoolFood4Change se celebr\u00f3 en Praga del 9 al 11 de octubre de 2024. Fue organizada por las organizaciones socias Skute\u010dn\u011b zdrav\u00e1 \u0161kola e ICLEI Europe en el hist\u00f3rico Ayuntamiento de Praga. El evento cont\u00f3 con dos d\u00edas completos de sesiones inspiradoras y visitas escolares enriquecedoras, reuniendo a 80 representantes de socios del proyecto y ciudades replicadas.\",\"breadcrumb\":{\"@id\":\"https:\\\/\\\/schoolfood4change.eu\\\/es\\\/blog\\\/2024\\\/12\\\/10\\\/aspectos-destacados-de-la-asamblea-general-en-praga-de-este-ano\\\/#breadcrumb\"},\"inLanguage\":\"es\",\"potentialAction\":[{\"@type\":\"ReadAction\",\"target\":[\"https:\\\/\\\/schoolfood4change.eu\\\/es\\\/blog\\\/2024\\\/12\\\/10\\\/aspectos-destacados-de-la-asamblea-general-en-praga-de-este-ano\\\/\"]}]},{\"@type\":\"ImageObject\",\"inLanguage\":\"es\",\"@id\":\"https:\\\/\\\/schoolfood4change.eu\\\/es\\\/blog\\\/2024\\\/12\\\/10\\\/aspectos-destacados-de-la-asamblea-general-en-praga-de-este-ano\\\/#primaryimage\",\"url\":\"https:\\\/\\\/schoolfood4change.eu\\\/es\\\/wp-content\\\/uploads\\\/sites\\\/13\\\/2024\\\/12\\\/SF4C_Prague_Group-picture_fun-2048x1365-1.jpg\",\"contentUrl\":\"https:\\\/\\\/schoolfood4change.eu\\\/es\\\/wp-content\\\/uploads\\\/sites\\\/13\\\/2024\\\/12\\\/SF4C_Prague_Group-picture_fun-2048x1365-1.jpg\",\"width\":2048,\"height\":1365},{\"@type\":\"BreadcrumbList\",\"@id\":\"https:\\\/\\\/schoolfood4change.eu\\\/es\\\/blog\\\/2024\\\/12\\\/10\\\/aspectos-destacados-de-la-asamblea-general-en-praga-de-este-ano\\\/#breadcrumb\",\"itemListElement\":[{\"@type\":\"ListItem\",\"position\":1,\"name\":\"Home\",\"item\":\"https:\\\/\\\/schoolfood4change.eu\\\/es\\\/\"},{\"@type\":\"ListItem\",\"position\":2,\"name\":\"Aspectos destacados de la Asamblea General en Praga de este a\u00f1o\"}]},{\"@type\":\"WebSite\",\"@id\":\"https:\\\/\\\/schoolfood4change.eu\\\/es\\\/#website\",\"url\":\"https:\\\/\\\/schoolfood4change.eu\\\/es\\\/\",\"name\":\"SchoolFood4Change ES\",\"description\":\"\",\"publisher\":{\"@id\":\"https:\\\/\\\/schoolfood4change.eu\\\/es\\\/#organization\"},\"potentialAction\":[{\"@type\":\"SearchAction\",\"target\":{\"@type\":\"EntryPoint\",\"urlTemplate\":\"https:\\\/\\\/schoolfood4change.eu\\\/es\\\/?s={search_term_string}\"},\"query-input\":{\"@type\":\"PropertyValueSpecification\",\"valueRequired\":true,\"valueName\":\"search_term_string\"}}],\"inLanguage\":\"es\"},{\"@type\":\"Organization\",\"@id\":\"https:\\\/\\\/schoolfood4change.eu\\\/es\\\/#organization\",\"name\":\"SchoolFood4Change ES\",\"url\":\"https:\\\/\\\/schoolfood4change.eu\\\/es\\\/\",\"logo\":{\"@type\":\"ImageObject\",\"inLanguage\":\"es\",\"@id\":\"https:\\\/\\\/schoolfood4change.eu\\\/es\\\/#\\\/schema\\\/logo\\\/image\\\/\",\"url\":\"https:\\\/\\\/schoolfood4change.eu\\\/es\\\/wp-content\\\/uploads\\\/sites\\\/13\\\/2022\\\/06\\\/schholfood.svg\",\"contentUrl\":\"https:\\\/\\\/schoolfood4change.eu\\\/es\\\/wp-content\\\/uploads\\\/sites\\\/13\\\/2022\\\/06\\\/schholfood.svg\",\"width\":273,\"height\":90,\"caption\":\"SchoolFood4Change ES\"},\"image\":{\"@id\":\"https:\\\/\\\/schoolfood4change.eu\\\/es\\\/#\\\/schema\\\/logo\\\/image\\\/\"}},{\"@type\":\"Person\",\"@id\":\"https:\\\/\\\/schoolfood4change.eu\\\/es\\\/#\\\/schema\\\/person\\\/110a533e548cd9d84cf378217b2a73b9\",\"name\":\"ividals\",\"image\":{\"@type\":\"ImageObject\",\"inLanguage\":\"es\",\"@id\":\"https:\\\/\\\/secure.gravatar.com\\\/avatar\\\/534d390fc4900f4128c89378c94fec883672e691d0d3bc990e78f22096786928?s=96&d=mm&r=g\",\"url\":\"https:\\\/\\\/secure.gravatar.com\\\/avatar\\\/534d390fc4900f4128c89378c94fec883672e691d0d3bc990e78f22096786928?s=96&d=mm&r=g\",\"contentUrl\":\"https:\\\/\\\/secure.gravatar.com\\\/avatar\\\/534d390fc4900f4128c89378c94fec883672e691d0d3bc990e78f22096786928?s=96&d=mm&r=g\",\"caption\":\"ividals\"},\"url\":\"https:\\\/\\\/schoolfood4change.eu\\\/es\\\/blog\\\/author\\\/ividals\\\/\"}]}<\/script>\n<!-- \/ Yoast SEO plugin. -->","yoast_head_json":{"title":"Aspectos destacados de la Asamblea General en Praga de este a\u00f1o - SchoolFood4Change ES","description":"La tercera Asamblea General y Reuni\u00f3n del Consorcio de SchoolFood4Change se celebr\u00f3 en Praga del 9 al 11 de octubre de 2024. Fue organizada por las organizaciones socias Skute\u010dn\u011b zdrav\u00e1 \u0161kola e ICLEI Europe en el hist\u00f3rico Ayuntamiento de Praga. El evento cont\u00f3 con dos d\u00edas completos de sesiones inspiradoras y visitas escolares enriquecedoras, reuniendo a 80 representantes de socios del proyecto y ciudades replicadas.","robots":{"index":"index","follow":"follow","max-snippet":"max-snippet:-1","max-image-preview":"max-image-preview:large","max-video-preview":"max-video-preview:-1"},"canonical":"https:\/\/schoolfood4change.eu\/es\/blog\/2024\/12\/10\/aspectos-destacados-de-la-asamblea-general-en-praga-de-este-ano\/","og_locale":"es_ES","og_type":"article","og_title":"Aspectos destacados de la Asamblea General en Praga de este a\u00f1o - SchoolFood4Change ES","og_description":"La tercera Asamblea General y Reuni\u00f3n del Consorcio de SchoolFood4Change se celebr\u00f3 en Praga del 9 al 11 de octubre de 2024. Fue organizada por las organizaciones socias Skute\u010dn\u011b zdrav\u00e1 \u0161kola e ICLEI Europe en el hist\u00f3rico Ayuntamiento de Praga. El evento cont\u00f3 con dos d\u00edas completos de sesiones inspiradoras y visitas escolares enriquecedoras, reuniendo a 80 representantes de socios del proyecto y ciudades replicadas.","og_url":"https:\/\/schoolfood4change.eu\/es\/blog\/2024\/12\/10\/aspectos-destacados-de-la-asamblea-general-en-praga-de-este-ano\/","og_site_name":"SchoolFood4Change ES","article_published_time":"2024-12-10T15:27:58+00:00","article_modified_time":"2025-03-31T14:40:46+00:00","og_image":[{"width":2048,"height":1365,"url":"https:\/\/schoolfood4change.eu\/es\/wp-content\/uploads\/sites\/13\/2024\/12\/SF4C_Prague_Group-picture_fun-2048x1365-1.jpg","type":"image\/jpeg"}],"author":"ividals","twitter_card":"summary_large_image","twitter_misc":{"Escrito por":"ividals","Tiempo de lectura":"4 minutos"},"schema":{"@context":"https:\/\/schema.org","@graph":[{"@type":"Article","@id":"https:\/\/schoolfood4change.eu\/es\/blog\/2024\/12\/10\/aspectos-destacados-de-la-asamblea-general-en-praga-de-este-ano\/#article","isPartOf":{"@id":"https:\/\/schoolfood4change.eu\/es\/blog\/2024\/12\/10\/aspectos-destacados-de-la-asamblea-general-en-praga-de-este-ano\/"},"author":{"name":"ividals","@id":"https:\/\/schoolfood4change.eu\/es\/#\/schema\/person\/110a533e548cd9d84cf378217b2a73b9"},"headline":"Aspectos destacados de la Asamblea General en Praga de este a\u00f1o","datePublished":"2024-12-10T15:27:58+00:00","dateModified":"2025-03-31T14:40:46+00:00","mainEntityOfPage":{"@id":"https:\/\/schoolfood4change.eu\/es\/blog\/2024\/12\/10\/aspectos-destacados-de-la-asamblea-general-en-praga-de-este-ano\/"},"wordCount":804,"publisher":{"@id":"https:\/\/schoolfood4change.eu\/es\/#organization"},"image":{"@id":"https:\/\/schoolfood4change.eu\/es\/blog\/2024\/12\/10\/aspectos-destacados-de-la-asamblea-general-en-praga-de-este-ano\/#primaryimage"},"thumbnailUrl":"https:\/\/schoolfood4change.eu\/es\/wp-content\/uploads\/sites\/13\/2024\/12\/SF4C_Prague_Group-picture_fun-2048x1365-1.jpg","articleSection":["Food","News"],"inLanguage":"es"},{"@type":"WebPage","@id":"https:\/\/schoolfood4change.eu\/es\/blog\/2024\/12\/10\/aspectos-destacados-de-la-asamblea-general-en-praga-de-este-ano\/","url":"https:\/\/schoolfood4change.eu\/es\/blog\/2024\/12\/10\/aspectos-destacados-de-la-asamblea-general-en-praga-de-este-ano\/","name":"Aspectos destacados de la Asamblea General en Praga de este a\u00f1o - SchoolFood4Change ES","isPartOf":{"@id":"https:\/\/schoolfood4change.eu\/es\/#website"},"primaryImageOfPage":{"@id":"https:\/\/schoolfood4change.eu\/es\/blog\/2024\/12\/10\/aspectos-destacados-de-la-asamblea-general-en-praga-de-este-ano\/#primaryimage"},"image":{"@id":"https:\/\/schoolfood4change.eu\/es\/blog\/2024\/12\/10\/aspectos-destacados-de-la-asamblea-general-en-praga-de-este-ano\/#primaryimage"},"thumbnailUrl":"https:\/\/schoolfood4change.eu\/es\/wp-content\/uploads\/sites\/13\/2024\/12\/SF4C_Prague_Group-picture_fun-2048x1365-1.jpg","datePublished":"2024-12-10T15:27:58+00:00","dateModified":"2025-03-31T14:40:46+00:00","description":"La tercera Asamblea General y Reuni\u00f3n del Consorcio de SchoolFood4Change se celebr\u00f3 en Praga del 9 al 11 de octubre de 2024. Fue organizada por las organizaciones socias Skute\u010dn\u011b zdrav\u00e1 \u0161kola e ICLEI Europe en el hist\u00f3rico Ayuntamiento de Praga. El evento cont\u00f3 con dos d\u00edas completos de sesiones inspiradoras y visitas escolares enriquecedoras, reuniendo a 80 representantes de socios del proyecto y ciudades replicadas.","breadcrumb":{"@id":"https:\/\/schoolfood4change.eu\/es\/blog\/2024\/12\/10\/aspectos-destacados-de-la-asamblea-general-en-praga-de-este-ano\/#breadcrumb"},"inLanguage":"es","potentialAction":[{"@type":"ReadAction","target":["https:\/\/schoolfood4change.eu\/es\/blog\/2024\/12\/10\/aspectos-destacados-de-la-asamblea-general-en-praga-de-este-ano\/"]}]},{"@type":"ImageObject","inLanguage":"es","@id":"https:\/\/schoolfood4change.eu\/es\/blog\/2024\/12\/10\/aspectos-destacados-de-la-asamblea-general-en-praga-de-este-ano\/#primaryimage","url":"https:\/\/schoolfood4change.eu\/es\/wp-content\/uploads\/sites\/13\/2024\/12\/SF4C_Prague_Group-picture_fun-2048x1365-1.jpg","contentUrl":"https:\/\/schoolfood4change.eu\/es\/wp-content\/uploads\/sites\/13\/2024\/12\/SF4C_Prague_Group-picture_fun-2048x1365-1.jpg","width":2048,"height":1365},{"@type":"BreadcrumbList","@id":"https:\/\/schoolfood4change.eu\/es\/blog\/2024\/12\/10\/aspectos-destacados-de-la-asamblea-general-en-praga-de-este-ano\/#breadcrumb","itemListElement":[{"@type":"ListItem","position":1,"name":"Home","item":"https:\/\/schoolfood4change.eu\/es\/"},{"@type":"ListItem","position":2,"name":"Aspectos destacados de la Asamblea General en Praga de este a\u00f1o"}]},{"@type":"WebSite","@id":"https:\/\/schoolfood4change.eu\/es\/#website","url":"https:\/\/schoolfood4change.eu\/es\/","name":"SchoolFood4Change ES","description":"","publisher":{"@id":"https:\/\/schoolfood4change.eu\/es\/#organization"},"potentialAction":[{"@type":"SearchAction","target":{"@type":"EntryPoint","urlTemplate":"https:\/\/schoolfood4change.eu\/es\/?s={search_term_string}"},"query-input":{"@type":"PropertyValueSpecification","valueRequired":true,"valueName":"search_term_string"}}],"inLanguage":"es"},{"@type":"Organization","@id":"https:\/\/schoolfood4change.eu\/es\/#organization","name":"SchoolFood4Change ES","url":"https:\/\/schoolfood4change.eu\/es\/","logo":{"@type":"ImageObject","inLanguage":"es","@id":"https:\/\/schoolfood4change.eu\/es\/#\/schema\/logo\/image\/","url":"https:\/\/schoolfood4change.eu\/es\/wp-content\/uploads\/sites\/13\/2022\/06\/schholfood.svg","contentUrl":"https:\/\/schoolfood4change.eu\/es\/wp-content\/uploads\/sites\/13\/2022\/06\/schholfood.svg","width":273,"height":90,"caption":"SchoolFood4Change ES"},"image":{"@id":"https:\/\/schoolfood4change.eu\/es\/#\/schema\/logo\/image\/"}},{"@type":"Person","@id":"https:\/\/schoolfood4change.eu\/es\/#\/schema\/person\/110a533e548cd9d84cf378217b2a73b9","name":"ividals","image":{"@type":"ImageObject","inLanguage":"es","@id":"https:\/\/secure.gravatar.com\/avatar\/534d390fc4900f4128c89378c94fec883672e691d0d3bc990e78f22096786928?s=96&d=mm&r=g","url":"https:\/\/secure.gravatar.com\/avatar\/534d390fc4900f4128c89378c94fec883672e691d0d3bc990e78f22096786928?s=96&d=mm&r=g","contentUrl":"https:\/\/secure.gravatar.com\/avatar\/534d390fc4900f4128c89378c94fec883672e691d0d3bc990e78f22096786928?s=96&d=mm&r=g","caption":"ividals"},"url":"https:\/\/schoolfood4change.eu\/es\/blog\/author\/ividals\/"}]}},"_links":{"self":[{"href":"https:\/\/schoolfood4change.eu\/es\/wp-json\/wp\/v2\/posts\/4415","targetHints":{"allow":["GET"]}}],"collection":[{"href":"https:\/\/schoolfood4change.eu\/es\/wp-json\/wp\/v2\/posts"}],"about":[{"href":"https:\/\/schoolfood4change.eu\/es\/wp-json\/wp\/v2\/types\/post"}],"author":[{"embeddable":true,"href":"https:\/\/schoolfood4change.eu\/es\/wp-json\/wp\/v2\/users\/13"}],"replies":[{"embeddable":true,"href":"https:\/\/schoolfood4change.eu\/es\/wp-json\/wp\/v2\/comments?post=4415"}],"version-history":[{"count":3,"href":"https:\/\/schoolfood4change.eu\/es\/wp-json\/wp\/v2\/posts\/4415\/revisions"}],"predecessor-version":[{"id":4420,"href":"https:\/\/schoolfood4change.eu\/es\/wp-json\/wp\/v2\/posts\/4415\/revisions\/4420"}],"wp:featuredmedia":[{"embeddable":true,"href":"https:\/\/schoolfood4change.eu\/es\/wp-json\/wp\/v2\/media\/4417"}],"wp:attachment":[{"href":"https:\/\/schoolfood4change.eu\/es\/wp-json\/wp\/v2\/media?parent=4415"}],"wp:term":[{"taxonomy":"category","embeddable":true,"href":"https:\/\/schoolfood4change.eu\/es\/wp-json\/wp\/v2\/categories?post=4415"},{"taxonomy":"post_tag","embeddable":true,"href":"https:\/\/schoolfood4change.eu\/es\/wp-json\/wp\/v2\/tags?post=4415"}],"curies":[{"name":"wp","href":"https:\/\/api.w.org\/{rel}","templated":true}]}}