{"id":4376,"date":"2025-02-14T16:01:49","date_gmt":"2025-02-14T15:01:49","guid":{"rendered":"https:\/\/schoolfood4change.eu\/es\/?p=4376"},"modified":"2025-03-31T16:02:34","modified_gmt":"2025-03-31T14:02:34","slug":"celebracion-del-poder-transformador-de-los-alimentos-sabrosos-en-el-foro-biofach","status":"publish","type":"post","link":"https:\/\/schoolfood4change.eu\/es\/blog\/2025\/02\/14\/celebracion-del-poder-transformador-de-los-alimentos-sabrosos-en-el-foro-biofach\/","title":{"rendered":"Celebraci\u00f3n del poder transformador de los alimentos sabrosos en el foro BIOFACH"},"content":{"rendered":"\n<p class=\" eplus-wrapper\"><\/p>\n\n\n\n<p class=\" eplus-wrapper\"><strong>SchoolFood4Change Premio de la UE en el Foro BIOFACH, Nuremberg, Alemania.<\/strong><\/p>\n\n\n\n<p class=\" eplus-wrapper\">SchoolFood4Change estuvo encantada de participar en el foro BIOFACH del 11 al 14 de febrero de 2025. Este evento, conocido como la Feria L\u00edder Mundial de la Alimentaci\u00f3n Ecol\u00f3gica, reuni\u00f3 a la comunidad ecol\u00f3gica internacional. Simult\u00e1neamente, se celebr\u00f3 el Congreso BIOFACH 2025 bajo el lema \u00ab\u00a1S\u00ed, queremos! &#8211; C\u00f3mo lograr el cambio en el segmento de la alimentaci\u00f3n ecol\u00f3gica\u00bb. Este congreso sirvi\u00f3 de plataforma central para el di\u00e1logo y el intercambio de conocimientos sobre soluciones innovadoras y el cambio hacia pr\u00e1cticas m\u00e1s ecol\u00f3gicas.<\/p>\n\n\n\n<p class=\" eplus-wrapper\">El 12 de febrero, SchoolFood4Change acogi\u00f3 una sesi\u00f3n organizada por ICLEI Europa, en colaboraci\u00f3n con WWF Suecia, IFOAM Organics Europa y la ciudad de Nuremberg. Esta sesi\u00f3n hizo hincapi\u00e9 en la importancia de una alimentaci\u00f3n escolar sana y sostenible.<\/p>\n\n\n\n<p class=\" eplus-wrapper\">Exploramos el marco pol\u00edtico de las comidas escolares en Europa y celebramos 10 historias de \u00e9xito de escuelas y ciudades de toda la UE durante la \u00abCeremonia de entrega de premios SchoolFood4Change\u00bb. Estas historias demostraron que la transformaci\u00f3n de nuestros sistemas alimentarios puede empezar en las escuelas, gracias a iniciativas innovadoras y al trabajo en equipo de alumnos, padres y proveedores de servicios de restauraci\u00f3n.<\/p>\n\n\n\n<p class=\" eplus-wrapper\">Nuestros moderadores, Vivien Franck, Eduardo Cuoco y Laura Sauques, de ICLEI, guiaron por el programa a invitados como Britta Walthelm (Stadt N\u00fcrnberg), Kertli Ats (Comit\u00e9 Econ\u00f3mico y Social Europeo), Gijs Schilthuis (DG AGRI, Comisi\u00f3n Europea) y a los participantes, entre los que se encontraban escolares de las escuelas SF4C de N\u00faremberg.<\/p>\n\n\n\n<p class=\" eplus-wrapper\"><em>Lista de buenas pr\u00e1cticas premiadas:<\/em><\/p>\n\n\n\n<p class=\" eplus-wrapper\"><strong>Transformaci\u00f3n sostenible de las comidas escolares, Panino Catering, N\u00faremberg, Alemania<\/strong><br>Panino Catering de N\u00faremberg, dirigido por Gabi Hoffmann, ha sido galardonado por transformar las comidas escolares para que sean m\u00e1s sanas y sostenibles. Aumentaron los productos ecol\u00f3gicos y no procesados, redujeron los platos de carne e introdujeron productos caseros. A pesar de las dificultades iniciales, su compromiso ha suscitado reacciones positivas y un aumento del n\u00famero de comidas servidas, inspirando a otros servicios de restauraci\u00f3n escolar.<\/p>\n\n\n\n<p class=\" eplus-wrapper\"><strong>Educaci\u00f3n alimentaria sobre ruedas, la ciudad de Viena y Danachda, Austria<\/strong><br>El Departamento de Protecci\u00f3n Medioambiental de Viena y Danachda han sido galardonados por su innovadora iniciativa Food Trailer. Esta cocina m\u00f3vil permite a las escuelas realizar talleres pr\u00e1cticos de cocina, ense\u00f1ando a los alumnos pr\u00e1cticas alimentarias sostenibles. El taller \u00abHamburguesa deconstruida\u00bb es un ejemplo, que ofrece una experiencia divertida y educativa que promueve dietas de salud planetaria.<\/p>\n\n\n\n<p class=\" eplus-wrapper\"><strong>Pionero de los Di\u00e1logos de Mercado, mejor reci\u00e9n llegado, la ciudad de Nuoro, Italia<\/strong><br>La ciudad de Nuoro es reconocida por sus di\u00e1logos de mercado inclusivos y por dar prioridad a la sostenibilidad y la salud en 16 escuelas municipales. Al incorporar amplios criterios sociales y medioambientales, incluidos productos ecol\u00f3gicos y de origen local, formaci\u00f3n del personal y men\u00fas inclusivos, m\u00e1s all\u00e1 de la legislaci\u00f3n italiana sobre contrataci\u00f3n sostenible, Nuoro garantiza que todos los alumnos y alumnas reciban comidas escolares nutritivas, apetitosas y respetuosas con el medio ambiente.<\/p>\n\n\n\n<p class=\" eplus-wrapper\"><strong>Compromiso juvenil en la escuela, Mahtra School, Tallin, Estonia<\/strong><br>La escuela Mahtra de Tallin ha sido galardonada por su aplicaci\u00f3n ejemplar del \u00abenfoque integral de la alimentaci\u00f3n escolar\u00bb. Para contribuir a la naturaleza hol\u00edstica del cambio en la escuela, el alumnado tomo la iniciativa de transformar su comedor escolar en un espacio c\u00e1lido y acogedor. Este proyecto pr\u00e1ctico ha creado una experiencia alimentaria m\u00e1s agradable y pone de relieve el poder de la participaci\u00f3n de los estudiantes en la configuraci\u00f3n de su entorno.<\/p>\n\n\n\n<p class=\" eplus-wrapper\"><strong>Cultura alimentaria escolar hol\u00edstica, ciudad de Ume\u00e5, Suecia<\/strong><br>El municipio de Ume\u00e5 ha sido galardonado por su aplicaci\u00f3n ejemplar del Enfoque Alimentario Integral en las Escuelas (EIAE) a trav\u00e9s de su Escuela de la Naturaleza. Veinte instituciones han alcanzado al menos el nivel de bronce del EIAE, fomentando una cultura alimentaria sostenible en escuelas y centros preescolares.<\/p>\n\n\n\n<p class=\" eplus-wrapper\"><strong>Campe\u00f3n en compra de alimentos sostenibles, la ciudad de Gante (B\u00e9lgica)<\/strong><br>La ciudad de Gante ha sido reconocida por su innovador y sostenible programa de catering escolar, que no solo ofrece comidas deliciosas, sino tambi\u00e9n sanas, sostenibles y asequibles. Con casi una cuarta parte de ingredientes ecol\u00f3gicos, Gante establece un alto est\u00e1ndar de gesti\u00f3n medioambiental. Como resultado, las emisiones de gases de efecto invernadero de la ciudad se redujeron en un 40%, lo que supuso un cambio positivo tanto para las personas como para el planeta.<\/p>\n\n\n\n<p class=\" eplus-wrapper\"><strong>De la huerta al plato, Mil\u00e1n (Italia)<\/strong><br>Mil\u00e1n ha puesto en marcha un plan integral para proporcionar alimentos nutritivos y sostenibles a los ni\u00f1os y las ni\u00f1as de preescolar y primaria, junto con actividades para estudiantes, docentes y familias. Esta iniciativa, en colaboraci\u00f3n con diversos agentes de la cadena de valor alimentaria escolar, incluye un programa \u00abdel huerto al plato\u00bb. Los alumnos practican una alimentaci\u00f3n sana preparando cenas para sus familias en los centros de Milano Ristorazione, mientras los cuidadores observan e interact\u00faan con un cocinero de la escuela. Esta innovadora experiencia educativa es \u00fanica en Italia.<\/p>\n\n\n\n<p class=\" eplus-wrapper\"><strong>Campe\u00f3n de la comida escolar local y ecol\u00f3gica, departamento de Dordo\u00f1a, Francia<\/strong><br>La regi\u00f3n francesa de Dordo\u00f1a es conocida por su innovador catering escolar, que ofrece comidas caseras 100% ecol\u00f3gicas y de origen local. Esta iniciativa mejora la salud del alumnado, fomenta la sostenibilidad y apoya la econom\u00eda local. Gracias al uso de ingredientes ecol\u00f3gicos y de temporada, Dordo\u00f1a ha reducido las emisiones de gases de efecto invernadero y ha aumentado el consumo de alimentos locales en las comidas escolares, estableciendo un alto est\u00e1ndar para el catering escolar sostenible en Europa.<\/p>\n\n\n\n<p class=\" eplus-wrapper\"><strong>Educaci\u00f3n alimentaria hol\u00edstica, preescolar Fugnerova Louny, Rep\u00fablica Checa, Louny<\/strong><br>La guarder\u00eda Fugnerova Louny tiene el certificado de plata SF4C y ense\u00f1a a los ni\u00f1os y ni\u00f1as peque\u00f1os nutrici\u00f3n y alimentaci\u00f3n sostenible mediante actividades pr\u00e1cticas como jardiner\u00eda, visitas a granjas y preparaci\u00f3n de alimentos. Reducen el desperdicio de alimentos, promueven una alimentaci\u00f3n sana e implican a la comunidad con actos como el \u00abFestival de jardiner\u00eda\u00bb y el \u00abDesayuno justo\u00bb.<\/p>\n\n\n\n<p class=\" eplus-wrapper\"><strong>Edificio comunitario para una alimentaci\u00f3n sana, Preescolar Lobelka, Eslovaquia, Liptovsk\u00fd Mikul\u00e1\u0161<\/strong><br>El jard\u00edn de infancia Lobelka de Liptovsk\u00fd Mikul\u00e1\u0161, dirigido por la Sra. Roj\u010dekov\u00e1, es c\u00e9lebre por su dedicaci\u00f3n a la educaci\u00f3n alimentaria y la participaci\u00f3n de la comunidad. A trav\u00e9s del programa SchoolFood4Change, implican a los padres y organizan actos con temas alimentarios. Su proyecto \u00abCooking with Integrity Together\u00bb re\u00fane a chefs, padres y blogueros gastron\u00f3micos para promover comidas escolares sanas y h\u00e1bitos alimentarios saludables para toda la vida.<\/p>\n\n\n\n<div class=\"wp-block-buttons eplus-wrapper is-layout-flex wp-block-buttons-is-layout-flex\">\n<div class=\" wp-block-button eplus-wrapper\"><a class=\"wp-block-button__link wp-element-button\" href=\"https:\/\/schoolfood4change.eu\/es\/news\/\">Volver al men\u00fa principal<\/a><\/div>\n<\/div>\n","protected":false},"excerpt":{"rendered":"<p>SchoolFood4Change Premio de la UE en el Foro BIOFACH, Nuremberg, Alemania. SchoolFood4Change estuvo encantada de participar en el foro BIOFACH del 11 al 14 de febrero de 2025. Este evento, conocido como la Feria L\u00edder Mundial de la Alimentaci\u00f3n Ecol\u00f3gica, reuni\u00f3 a la comunidad ecol\u00f3gica internacional. Simult\u00e1neamente, se celebr\u00f3 el Congreso BIOFACH 2025 bajo el [&hellip;]<\/p>\n","protected":false},"author":13,"featured_media":4378,"comment_status":"closed","ping_status":"closed","sticky":false,"template":"","format":"standard","meta":{"_acf_changed":false,"inline_featured_image":false,"editor_plus_copied_stylings":"{}","footnotes":""},"categories":[52,19],"tags":[],"class_list":["post-4376","post","type-post","status-publish","format-standard","has-post-thumbnail","hentry","category-food","category-news"],"blocksy_meta":{"styles_descriptor":{"styles":{"desktop":"","tablet":"","mobile":""},"google_fonts":[],"version":6}},"acf":[],"yoast_head":"<!-- This site is optimized with the Yoast SEO plugin v27.4 - https:\/\/yoast.com\/product\/yoast-seo-wordpress\/ -->\n<title>Celebraci\u00f3n del poder transformador de los alimentos sabrosos en el foro BIOFACH - SchoolFood4Change ES<\/title>\n<meta name=\"description\" content=\"SchoolFood4Change ha estado en el foro BIOFACH del 11 al 14 de febrero de 2025. Este evento, conocido como la Feria L\u00edder Mundial de la Alimentaci\u00f3n Ecol\u00f3gica, reuni\u00f3 a la comunidad ecol\u00f3gica internacional. Una de las sesiones hizo hincapi\u00e9 en la importancia de una alimentaci\u00f3n escolar sana y sostenible y se celebraron 10 historias de \u00e9xito de escuelas y ciudades de toda la UE durante la \u00abCeremonia de entrega de premios SchoolFood4Change\u00bb.\" \/>\n<meta name=\"robots\" content=\"index, follow, max-snippet:-1, max-image-preview:large, max-video-preview:-1\" \/>\n<link rel=\"canonical\" href=\"https:\/\/schoolfood4change.eu\/es\/blog\/2025\/02\/14\/celebracion-del-poder-transformador-de-los-alimentos-sabrosos-en-el-foro-biofach\/\" \/>\n<meta property=\"og:locale\" content=\"es_ES\" \/>\n<meta property=\"og:type\" content=\"article\" \/>\n<meta property=\"og:title\" content=\"Celebraci\u00f3n del poder transformador de los alimentos sabrosos en el foro BIOFACH - SchoolFood4Change ES\" \/>\n<meta property=\"og:description\" content=\"SchoolFood4Change ha estado en el foro BIOFACH del 11 al 14 de febrero de 2025. Este evento, conocido como la Feria L\u00edder Mundial de la Alimentaci\u00f3n Ecol\u00f3gica, reuni\u00f3 a la comunidad ecol\u00f3gica internacional. Una de las sesiones hizo hincapi\u00e9 en la importancia de una alimentaci\u00f3n escolar sana y sostenible y se celebraron 10 historias de \u00e9xito de escuelas y ciudades de toda la UE durante la \u00abCeremonia de entrega de premios SchoolFood4Change\u00bb.\" \/>\n<meta property=\"og:url\" content=\"https:\/\/schoolfood4change.eu\/es\/blog\/2025\/02\/14\/celebracion-del-poder-transformador-de-los-alimentos-sabrosos-en-el-foro-biofach\/\" \/>\n<meta property=\"og:site_name\" content=\"SchoolFood4Change ES\" \/>\n<meta property=\"article:published_time\" content=\"2025-02-14T15:01:49+00:00\" \/>\n<meta property=\"article:modified_time\" content=\"2025-03-31T14:02:34+00:00\" \/>\n<meta property=\"og:image\" content=\"https:\/\/schoolfood4change.eu\/es\/wp-content\/uploads\/sites\/13\/2025\/03\/5c7bc623-9a1b-4c6e-b088-04ac20e729e4-1536x1321-1.jpg\" \/>\n\t<meta property=\"og:image:width\" content=\"1536\" \/>\n\t<meta property=\"og:image:height\" content=\"1321\" \/>\n\t<meta property=\"og:image:type\" content=\"image\/jpeg\" \/>\n<meta name=\"author\" content=\"ividals\" \/>\n<meta name=\"twitter:card\" content=\"summary_large_image\" \/>\n<meta name=\"twitter:label1\" content=\"Escrito por\" \/>\n\t<meta name=\"twitter:data1\" content=\"ividals\" \/>\n\t<meta name=\"twitter:label2\" content=\"Tiempo de lectura\" \/>\n\t<meta name=\"twitter:data2\" content=\"6 minutos\" \/>\n<script type=\"application\/ld+json\" class=\"yoast-schema-graph\">{\"@context\":\"https:\\\/\\\/schema.org\",\"@graph\":[{\"@type\":\"Article\",\"@id\":\"https:\\\/\\\/schoolfood4change.eu\\\/es\\\/blog\\\/2025\\\/02\\\/14\\\/celebracion-del-poder-transformador-de-los-alimentos-sabrosos-en-el-foro-biofach\\\/#article\",\"isPartOf\":{\"@id\":\"https:\\\/\\\/schoolfood4change.eu\\\/es\\\/blog\\\/2025\\\/02\\\/14\\\/celebracion-del-poder-transformador-de-los-alimentos-sabrosos-en-el-foro-biofach\\\/\"},\"author\":{\"name\":\"ividals\",\"@id\":\"https:\\\/\\\/schoolfood4change.eu\\\/es\\\/#\\\/schema\\\/person\\\/110a533e548cd9d84cf378217b2a73b9\"},\"headline\":\"Celebraci\u00f3n del poder transformador de los alimentos sabrosos en el foro BIOFACH\",\"datePublished\":\"2025-02-14T15:01:49+00:00\",\"dateModified\":\"2025-03-31T14:02:34+00:00\",\"mainEntityOfPage\":{\"@id\":\"https:\\\/\\\/schoolfood4change.eu\\\/es\\\/blog\\\/2025\\\/02\\\/14\\\/celebracion-del-poder-transformador-de-los-alimentos-sabrosos-en-el-foro-biofach\\\/\"},\"wordCount\":1169,\"publisher\":{\"@id\":\"https:\\\/\\\/schoolfood4change.eu\\\/es\\\/#organization\"},\"image\":{\"@id\":\"https:\\\/\\\/schoolfood4change.eu\\\/es\\\/blog\\\/2025\\\/02\\\/14\\\/celebracion-del-poder-transformador-de-los-alimentos-sabrosos-en-el-foro-biofach\\\/#primaryimage\"},\"thumbnailUrl\":\"https:\\\/\\\/schoolfood4change.eu\\\/es\\\/wp-content\\\/uploads\\\/sites\\\/13\\\/2025\\\/03\\\/5c7bc623-9a1b-4c6e-b088-04ac20e729e4-1536x1321-1.jpg\",\"articleSection\":[\"Food\",\"News\"],\"inLanguage\":\"es\"},{\"@type\":\"WebPage\",\"@id\":\"https:\\\/\\\/schoolfood4change.eu\\\/es\\\/blog\\\/2025\\\/02\\\/14\\\/celebracion-del-poder-transformador-de-los-alimentos-sabrosos-en-el-foro-biofach\\\/\",\"url\":\"https:\\\/\\\/schoolfood4change.eu\\\/es\\\/blog\\\/2025\\\/02\\\/14\\\/celebracion-del-poder-transformador-de-los-alimentos-sabrosos-en-el-foro-biofach\\\/\",\"name\":\"Celebraci\u00f3n del poder transformador de los alimentos sabrosos en el foro BIOFACH - SchoolFood4Change ES\",\"isPartOf\":{\"@id\":\"https:\\\/\\\/schoolfood4change.eu\\\/es\\\/#website\"},\"primaryImageOfPage\":{\"@id\":\"https:\\\/\\\/schoolfood4change.eu\\\/es\\\/blog\\\/2025\\\/02\\\/14\\\/celebracion-del-poder-transformador-de-los-alimentos-sabrosos-en-el-foro-biofach\\\/#primaryimage\"},\"image\":{\"@id\":\"https:\\\/\\\/schoolfood4change.eu\\\/es\\\/blog\\\/2025\\\/02\\\/14\\\/celebracion-del-poder-transformador-de-los-alimentos-sabrosos-en-el-foro-biofach\\\/#primaryimage\"},\"thumbnailUrl\":\"https:\\\/\\\/schoolfood4change.eu\\\/es\\\/wp-content\\\/uploads\\\/sites\\\/13\\\/2025\\\/03\\\/5c7bc623-9a1b-4c6e-b088-04ac20e729e4-1536x1321-1.jpg\",\"datePublished\":\"2025-02-14T15:01:49+00:00\",\"dateModified\":\"2025-03-31T14:02:34+00:00\",\"description\":\"SchoolFood4Change ha estado en el foro BIOFACH del 11 al 14 de febrero de 2025. Este evento, conocido como la Feria L\u00edder Mundial de la Alimentaci\u00f3n Ecol\u00f3gica, reuni\u00f3 a la comunidad ecol\u00f3gica internacional. Una de las sesiones hizo hincapi\u00e9 en la importancia de una alimentaci\u00f3n escolar sana y sostenible y se celebraron 10 historias de \u00e9xito de escuelas y ciudades de toda la UE durante la \u00abCeremonia de entrega de premios SchoolFood4Change\u00bb.\",\"breadcrumb\":{\"@id\":\"https:\\\/\\\/schoolfood4change.eu\\\/es\\\/blog\\\/2025\\\/02\\\/14\\\/celebracion-del-poder-transformador-de-los-alimentos-sabrosos-en-el-foro-biofach\\\/#breadcrumb\"},\"inLanguage\":\"es\",\"potentialAction\":[{\"@type\":\"ReadAction\",\"target\":[\"https:\\\/\\\/schoolfood4change.eu\\\/es\\\/blog\\\/2025\\\/02\\\/14\\\/celebracion-del-poder-transformador-de-los-alimentos-sabrosos-en-el-foro-biofach\\\/\"]}]},{\"@type\":\"ImageObject\",\"inLanguage\":\"es\",\"@id\":\"https:\\\/\\\/schoolfood4change.eu\\\/es\\\/blog\\\/2025\\\/02\\\/14\\\/celebracion-del-poder-transformador-de-los-alimentos-sabrosos-en-el-foro-biofach\\\/#primaryimage\",\"url\":\"https:\\\/\\\/schoolfood4change.eu\\\/es\\\/wp-content\\\/uploads\\\/sites\\\/13\\\/2025\\\/03\\\/5c7bc623-9a1b-4c6e-b088-04ac20e729e4-1536x1321-1.jpg\",\"contentUrl\":\"https:\\\/\\\/schoolfood4change.eu\\\/es\\\/wp-content\\\/uploads\\\/sites\\\/13\\\/2025\\\/03\\\/5c7bc623-9a1b-4c6e-b088-04ac20e729e4-1536x1321-1.jpg\",\"width\":1536,\"height\":1321},{\"@type\":\"BreadcrumbList\",\"@id\":\"https:\\\/\\\/schoolfood4change.eu\\\/es\\\/blog\\\/2025\\\/02\\\/14\\\/celebracion-del-poder-transformador-de-los-alimentos-sabrosos-en-el-foro-biofach\\\/#breadcrumb\",\"itemListElement\":[{\"@type\":\"ListItem\",\"position\":1,\"name\":\"Home\",\"item\":\"https:\\\/\\\/schoolfood4change.eu\\\/es\\\/\"},{\"@type\":\"ListItem\",\"position\":2,\"name\":\"Celebraci\u00f3n del poder transformador de los alimentos sabrosos en el foro BIOFACH\"}]},{\"@type\":\"WebSite\",\"@id\":\"https:\\\/\\\/schoolfood4change.eu\\\/es\\\/#website\",\"url\":\"https:\\\/\\\/schoolfood4change.eu\\\/es\\\/\",\"name\":\"SchoolFood4Change ES\",\"description\":\"\",\"publisher\":{\"@id\":\"https:\\\/\\\/schoolfood4change.eu\\\/es\\\/#organization\"},\"potentialAction\":[{\"@type\":\"SearchAction\",\"target\":{\"@type\":\"EntryPoint\",\"urlTemplate\":\"https:\\\/\\\/schoolfood4change.eu\\\/es\\\/?s={search_term_string}\"},\"query-input\":{\"@type\":\"PropertyValueSpecification\",\"valueRequired\":true,\"valueName\":\"search_term_string\"}}],\"inLanguage\":\"es\"},{\"@type\":\"Organization\",\"@id\":\"https:\\\/\\\/schoolfood4change.eu\\\/es\\\/#organization\",\"name\":\"SchoolFood4Change ES\",\"url\":\"https:\\\/\\\/schoolfood4change.eu\\\/es\\\/\",\"logo\":{\"@type\":\"ImageObject\",\"inLanguage\":\"es\",\"@id\":\"https:\\\/\\\/schoolfood4change.eu\\\/es\\\/#\\\/schema\\\/logo\\\/image\\\/\",\"url\":\"https:\\\/\\\/schoolfood4change.eu\\\/es\\\/wp-content\\\/uploads\\\/sites\\\/13\\\/2022\\\/06\\\/schholfood.svg\",\"contentUrl\":\"https:\\\/\\\/schoolfood4change.eu\\\/es\\\/wp-content\\\/uploads\\\/sites\\\/13\\\/2022\\\/06\\\/schholfood.svg\",\"width\":273,\"height\":90,\"caption\":\"SchoolFood4Change ES\"},\"image\":{\"@id\":\"https:\\\/\\\/schoolfood4change.eu\\\/es\\\/#\\\/schema\\\/logo\\\/image\\\/\"}},{\"@type\":\"Person\",\"@id\":\"https:\\\/\\\/schoolfood4change.eu\\\/es\\\/#\\\/schema\\\/person\\\/110a533e548cd9d84cf378217b2a73b9\",\"name\":\"ividals\",\"image\":{\"@type\":\"ImageObject\",\"inLanguage\":\"es\",\"@id\":\"https:\\\/\\\/secure.gravatar.com\\\/avatar\\\/534d390fc4900f4128c89378c94fec883672e691d0d3bc990e78f22096786928?s=96&d=mm&r=g\",\"url\":\"https:\\\/\\\/secure.gravatar.com\\\/avatar\\\/534d390fc4900f4128c89378c94fec883672e691d0d3bc990e78f22096786928?s=96&d=mm&r=g\",\"contentUrl\":\"https:\\\/\\\/secure.gravatar.com\\\/avatar\\\/534d390fc4900f4128c89378c94fec883672e691d0d3bc990e78f22096786928?s=96&d=mm&r=g\",\"caption\":\"ividals\"},\"url\":\"https:\\\/\\\/schoolfood4change.eu\\\/es\\\/blog\\\/author\\\/ividals\\\/\"}]}<\/script>\n<!-- \/ Yoast SEO plugin. -->","yoast_head_json":{"title":"Celebraci\u00f3n del poder transformador de los alimentos sabrosos en el foro BIOFACH - SchoolFood4Change ES","description":"SchoolFood4Change ha estado en el foro BIOFACH del 11 al 14 de febrero de 2025. Este evento, conocido como la Feria L\u00edder Mundial de la Alimentaci\u00f3n Ecol\u00f3gica, reuni\u00f3 a la comunidad ecol\u00f3gica internacional. Una de las sesiones hizo hincapi\u00e9 en la importancia de una alimentaci\u00f3n escolar sana y sostenible y se celebraron 10 historias de \u00e9xito de escuelas y ciudades de toda la UE durante la \u00abCeremonia de entrega de premios SchoolFood4Change\u00bb.","robots":{"index":"index","follow":"follow","max-snippet":"max-snippet:-1","max-image-preview":"max-image-preview:large","max-video-preview":"max-video-preview:-1"},"canonical":"https:\/\/schoolfood4change.eu\/es\/blog\/2025\/02\/14\/celebracion-del-poder-transformador-de-los-alimentos-sabrosos-en-el-foro-biofach\/","og_locale":"es_ES","og_type":"article","og_title":"Celebraci\u00f3n del poder transformador de los alimentos sabrosos en el foro BIOFACH - SchoolFood4Change ES","og_description":"SchoolFood4Change ha estado en el foro BIOFACH del 11 al 14 de febrero de 2025. Este evento, conocido como la Feria L\u00edder Mundial de la Alimentaci\u00f3n Ecol\u00f3gica, reuni\u00f3 a la comunidad ecol\u00f3gica internacional. Una de las sesiones hizo hincapi\u00e9 en la importancia de una alimentaci\u00f3n escolar sana y sostenible y se celebraron 10 historias de \u00e9xito de escuelas y ciudades de toda la UE durante la \u00abCeremonia de entrega de premios SchoolFood4Change\u00bb.","og_url":"https:\/\/schoolfood4change.eu\/es\/blog\/2025\/02\/14\/celebracion-del-poder-transformador-de-los-alimentos-sabrosos-en-el-foro-biofach\/","og_site_name":"SchoolFood4Change ES","article_published_time":"2025-02-14T15:01:49+00:00","article_modified_time":"2025-03-31T14:02:34+00:00","og_image":[{"width":1536,"height":1321,"url":"https:\/\/schoolfood4change.eu\/es\/wp-content\/uploads\/sites\/13\/2025\/03\/5c7bc623-9a1b-4c6e-b088-04ac20e729e4-1536x1321-1.jpg","type":"image\/jpeg"}],"author":"ividals","twitter_card":"summary_large_image","twitter_misc":{"Escrito por":"ividals","Tiempo de lectura":"6 minutos"},"schema":{"@context":"https:\/\/schema.org","@graph":[{"@type":"Article","@id":"https:\/\/schoolfood4change.eu\/es\/blog\/2025\/02\/14\/celebracion-del-poder-transformador-de-los-alimentos-sabrosos-en-el-foro-biofach\/#article","isPartOf":{"@id":"https:\/\/schoolfood4change.eu\/es\/blog\/2025\/02\/14\/celebracion-del-poder-transformador-de-los-alimentos-sabrosos-en-el-foro-biofach\/"},"author":{"name":"ividals","@id":"https:\/\/schoolfood4change.eu\/es\/#\/schema\/person\/110a533e548cd9d84cf378217b2a73b9"},"headline":"Celebraci\u00f3n del poder transformador de los alimentos sabrosos en el foro BIOFACH","datePublished":"2025-02-14T15:01:49+00:00","dateModified":"2025-03-31T14:02:34+00:00","mainEntityOfPage":{"@id":"https:\/\/schoolfood4change.eu\/es\/blog\/2025\/02\/14\/celebracion-del-poder-transformador-de-los-alimentos-sabrosos-en-el-foro-biofach\/"},"wordCount":1169,"publisher":{"@id":"https:\/\/schoolfood4change.eu\/es\/#organization"},"image":{"@id":"https:\/\/schoolfood4change.eu\/es\/blog\/2025\/02\/14\/celebracion-del-poder-transformador-de-los-alimentos-sabrosos-en-el-foro-biofach\/#primaryimage"},"thumbnailUrl":"https:\/\/schoolfood4change.eu\/es\/wp-content\/uploads\/sites\/13\/2025\/03\/5c7bc623-9a1b-4c6e-b088-04ac20e729e4-1536x1321-1.jpg","articleSection":["Food","News"],"inLanguage":"es"},{"@type":"WebPage","@id":"https:\/\/schoolfood4change.eu\/es\/blog\/2025\/02\/14\/celebracion-del-poder-transformador-de-los-alimentos-sabrosos-en-el-foro-biofach\/","url":"https:\/\/schoolfood4change.eu\/es\/blog\/2025\/02\/14\/celebracion-del-poder-transformador-de-los-alimentos-sabrosos-en-el-foro-biofach\/","name":"Celebraci\u00f3n del poder transformador de los alimentos sabrosos en el foro BIOFACH - SchoolFood4Change ES","isPartOf":{"@id":"https:\/\/schoolfood4change.eu\/es\/#website"},"primaryImageOfPage":{"@id":"https:\/\/schoolfood4change.eu\/es\/blog\/2025\/02\/14\/celebracion-del-poder-transformador-de-los-alimentos-sabrosos-en-el-foro-biofach\/#primaryimage"},"image":{"@id":"https:\/\/schoolfood4change.eu\/es\/blog\/2025\/02\/14\/celebracion-del-poder-transformador-de-los-alimentos-sabrosos-en-el-foro-biofach\/#primaryimage"},"thumbnailUrl":"https:\/\/schoolfood4change.eu\/es\/wp-content\/uploads\/sites\/13\/2025\/03\/5c7bc623-9a1b-4c6e-b088-04ac20e729e4-1536x1321-1.jpg","datePublished":"2025-02-14T15:01:49+00:00","dateModified":"2025-03-31T14:02:34+00:00","description":"SchoolFood4Change ha estado en el foro BIOFACH del 11 al 14 de febrero de 2025. Este evento, conocido como la Feria L\u00edder Mundial de la Alimentaci\u00f3n Ecol\u00f3gica, reuni\u00f3 a la comunidad ecol\u00f3gica internacional. Una de las sesiones hizo hincapi\u00e9 en la importancia de una alimentaci\u00f3n escolar sana y sostenible y se celebraron 10 historias de \u00e9xito de escuelas y ciudades de toda la UE durante la \u00abCeremonia de entrega de premios SchoolFood4Change\u00bb.","breadcrumb":{"@id":"https:\/\/schoolfood4change.eu\/es\/blog\/2025\/02\/14\/celebracion-del-poder-transformador-de-los-alimentos-sabrosos-en-el-foro-biofach\/#breadcrumb"},"inLanguage":"es","potentialAction":[{"@type":"ReadAction","target":["https:\/\/schoolfood4change.eu\/es\/blog\/2025\/02\/14\/celebracion-del-poder-transformador-de-los-alimentos-sabrosos-en-el-foro-biofach\/"]}]},{"@type":"ImageObject","inLanguage":"es","@id":"https:\/\/schoolfood4change.eu\/es\/blog\/2025\/02\/14\/celebracion-del-poder-transformador-de-los-alimentos-sabrosos-en-el-foro-biofach\/#primaryimage","url":"https:\/\/schoolfood4change.eu\/es\/wp-content\/uploads\/sites\/13\/2025\/03\/5c7bc623-9a1b-4c6e-b088-04ac20e729e4-1536x1321-1.jpg","contentUrl":"https:\/\/schoolfood4change.eu\/es\/wp-content\/uploads\/sites\/13\/2025\/03\/5c7bc623-9a1b-4c6e-b088-04ac20e729e4-1536x1321-1.jpg","width":1536,"height":1321},{"@type":"BreadcrumbList","@id":"https:\/\/schoolfood4change.eu\/es\/blog\/2025\/02\/14\/celebracion-del-poder-transformador-de-los-alimentos-sabrosos-en-el-foro-biofach\/#breadcrumb","itemListElement":[{"@type":"ListItem","position":1,"name":"Home","item":"https:\/\/schoolfood4change.eu\/es\/"},{"@type":"ListItem","position":2,"name":"Celebraci\u00f3n del poder transformador de los alimentos sabrosos en el foro BIOFACH"}]},{"@type":"WebSite","@id":"https:\/\/schoolfood4change.eu\/es\/#website","url":"https:\/\/schoolfood4change.eu\/es\/","name":"SchoolFood4Change ES","description":"","publisher":{"@id":"https:\/\/schoolfood4change.eu\/es\/#organization"},"potentialAction":[{"@type":"SearchAction","target":{"@type":"EntryPoint","urlTemplate":"https:\/\/schoolfood4change.eu\/es\/?s={search_term_string}"},"query-input":{"@type":"PropertyValueSpecification","valueRequired":true,"valueName":"search_term_string"}}],"inLanguage":"es"},{"@type":"Organization","@id":"https:\/\/schoolfood4change.eu\/es\/#organization","name":"SchoolFood4Change ES","url":"https:\/\/schoolfood4change.eu\/es\/","logo":{"@type":"ImageObject","inLanguage":"es","@id":"https:\/\/schoolfood4change.eu\/es\/#\/schema\/logo\/image\/","url":"https:\/\/schoolfood4change.eu\/es\/wp-content\/uploads\/sites\/13\/2022\/06\/schholfood.svg","contentUrl":"https:\/\/schoolfood4change.eu\/es\/wp-content\/uploads\/sites\/13\/2022\/06\/schholfood.svg","width":273,"height":90,"caption":"SchoolFood4Change ES"},"image":{"@id":"https:\/\/schoolfood4change.eu\/es\/#\/schema\/logo\/image\/"}},{"@type":"Person","@id":"https:\/\/schoolfood4change.eu\/es\/#\/schema\/person\/110a533e548cd9d84cf378217b2a73b9","name":"ividals","image":{"@type":"ImageObject","inLanguage":"es","@id":"https:\/\/secure.gravatar.com\/avatar\/534d390fc4900f4128c89378c94fec883672e691d0d3bc990e78f22096786928?s=96&d=mm&r=g","url":"https:\/\/secure.gravatar.com\/avatar\/534d390fc4900f4128c89378c94fec883672e691d0d3bc990e78f22096786928?s=96&d=mm&r=g","contentUrl":"https:\/\/secure.gravatar.com\/avatar\/534d390fc4900f4128c89378c94fec883672e691d0d3bc990e78f22096786928?s=96&d=mm&r=g","caption":"ividals"},"url":"https:\/\/schoolfood4change.eu\/es\/blog\/author\/ividals\/"}]}},"_links":{"self":[{"href":"https:\/\/schoolfood4change.eu\/es\/wp-json\/wp\/v2\/posts\/4376","targetHints":{"allow":["GET"]}}],"collection":[{"href":"https:\/\/schoolfood4change.eu\/es\/wp-json\/wp\/v2\/posts"}],"about":[{"href":"https:\/\/schoolfood4change.eu\/es\/wp-json\/wp\/v2\/types\/post"}],"author":[{"embeddable":true,"href":"https:\/\/schoolfood4change.eu\/es\/wp-json\/wp\/v2\/users\/13"}],"replies":[{"embeddable":true,"href":"https:\/\/schoolfood4change.eu\/es\/wp-json\/wp\/v2\/comments?post=4376"}],"version-history":[{"count":2,"href":"https:\/\/schoolfood4change.eu\/es\/wp-json\/wp\/v2\/posts\/4376\/revisions"}],"predecessor-version":[{"id":4379,"href":"https:\/\/schoolfood4change.eu\/es\/wp-json\/wp\/v2\/posts\/4376\/revisions\/4379"}],"wp:featuredmedia":[{"embeddable":true,"href":"https:\/\/schoolfood4change.eu\/es\/wp-json\/wp\/v2\/media\/4378"}],"wp:attachment":[{"href":"https:\/\/schoolfood4change.eu\/es\/wp-json\/wp\/v2\/media?parent=4376"}],"wp:term":[{"taxonomy":"category","embeddable":true,"href":"https:\/\/schoolfood4change.eu\/es\/wp-json\/wp\/v2\/categories?post=4376"},{"taxonomy":"post_tag","embeddable":true,"href":"https:\/\/schoolfood4change.eu\/es\/wp-json\/wp\/v2\/tags?post=4376"}],"curies":[{"name":"wp","href":"https:\/\/api.w.org\/{rel}","templated":true}]}}