{"id":4366,"date":"2025-03-17T15:31:14","date_gmt":"2025-03-17T14:31:14","guid":{"rendered":"https:\/\/schoolfood4change.eu\/es\/?p=4366"},"modified":"2025-03-31T15:32:39","modified_gmt":"2025-03-31T13:32:39","slug":"estudiantes-piden-en-el-parlamento-europeo-comidas-escolares-sanas-y-una-educacion-alimentaria","status":"publish","type":"post","link":"https:\/\/schoolfood4change.eu\/es\/blog\/2025\/03\/17\/estudiantes-piden-en-el-parlamento-europeo-comidas-escolares-sanas-y-una-educacion-alimentaria\/","title":{"rendered":"Estudiantes piden en el Parlamento Europeo comidas escolares sanas y una educaci\u00f3n alimentaria"},"content":{"rendered":"\n<p class=\" eplus-wrapper\"><\/p>\n\n\n\n<p class=\" eplus-wrapper\">En el D\u00eda Internacional de la Alimentaci\u00f3n Escolar de este a\u00f1o, los socios de SchoolFood4Change, ICLEI Europa e IFOAM Organics Europa, facilitaron un di\u00e1logo intergeneracional en el Parlamento Europeo de Estrasburgo, llevando las voces de los j\u00f3venes a la primera l\u00ednea de los debates europeos sobre pol\u00edtica alimentaria. La delegaci\u00f3n, formada por una clase de escolares de 13 a\u00f1os y sus profesores del Markgr\u00e4fler Gymnasium de M\u00fcllheim (Alemania), representantes de la ciudad y defensores de ICLEI, fueron invitados a la central de la Uni\u00f3n Europea por el Miembro del Parlamento Europeo (MEP) Dario Nardella para reunirse con los Comisarios de la UE y otros parlamentarios con visi\u00f3n de comidas escolares m\u00e1s saludables y sostenibles en Europa.<\/p>\n\n\n\n<p class=\" eplus-wrapper\">Un momento significativo del acto fue la entrega oficial de la petici\u00f3n, con m\u00e1s de 111.000 firmas, que reclama comidas escolares sanas y gratuitas para todos los ni\u00f1os. Dirigida a la Comisi\u00f3n Europea, la petici\u00f3n subraya la necesidad de una alimentaci\u00f3n escolar nutritiva y gratuita unida a la educaci\u00f3n alimentaria como medio para combatir las desigualdades en materia de salud y la inseguridad alimentaria entre los j\u00f3venes.<\/p>\n\n\n\n<p class=\" eplus-wrapper\">Las comidas escolares y la educaci\u00f3n alimentaria son cuestiones transversales. Cuando se aplican correctamente, los programas de comidas escolares contrarrestan las tendencias actuales de obesidad (uno de cada tres menores en Europa tiene sobrepeso u obesidad), apoyan la agricultura sostenible, promueven la salud p\u00fablica con efectos en la edad adulta, apoyan la protecci\u00f3n del medio ambiente y ayudan a proteger los derechos de los ni\u00f1os y las ni\u00f1as.<\/p>\n\n\n\n<figure class=\" wp-block-image aligncenter size-large eplus-wrapper\"><img loading=\"lazy\" decoding=\"async\" width=\"1024\" height=\"683\" src=\"https:\/\/schoolfood4change.eu\/es\/wp-content\/uploads\/sites\/13\/2025\/03\/image-3-1024x683.png\" alt=\"\" class=\"wp-image-4368\" srcset=\"https:\/\/schoolfood4change.eu\/es\/wp-content\/uploads\/sites\/13\/2025\/03\/image-3-1024x683.png 1024w, https:\/\/schoolfood4change.eu\/es\/wp-content\/uploads\/sites\/13\/2025\/03\/image-3-300x200.png 300w, https:\/\/schoolfood4change.eu\/es\/wp-content\/uploads\/sites\/13\/2025\/03\/image-3-768x512.png 768w, https:\/\/schoolfood4change.eu\/es\/wp-content\/uploads\/sites\/13\/2025\/03\/image-3-1536x1024.png 1536w, https:\/\/schoolfood4change.eu\/es\/wp-content\/uploads\/sites\/13\/2025\/03\/image-3.png 2048w\" sizes=\"auto, (max-width: 1024px) 100vw, 1024px\" \/><figcaption class=\"wp-element-caption\"><em>Peter Defranceschi, Director de la Oficina de ICLEI Europa en Bruselas, con el cartel de la Petici\u00f3n en la mano<\/em><\/figcaption><\/figure>\n\n\n\n<p class=\" eplus-wrapper\"><strong><mark class=\"has-inline-color has-317275-color\">RESPONSABLES POL\u00cdTICOS EXPRESAN SU APOYO A LAS COMIDAS ESCOLARES SANAS<\/mark><\/strong><\/p>\n\n\n\n<p class=\" eplus-wrapper\">Durante la sesi\u00f3n, los responsables pol\u00edticos expresaron su compromiso de garantizar unas comidas escolares y una educaci\u00f3n alimentaria m\u00e1s sanas. Esto es lo que dijeron:<\/p>\n\n\n\n<p class=\" eplus-wrapper\"><em>Proporcionar una buena alimentaci\u00f3n es responsabilidad de los pol\u00edticos y las escuelas, pero los ni\u00f1os y las ni\u00f1as tambi\u00e9n deben aprender de d\u00f3nde vienen sus alimentos.<\/em><\/p>\n\n\n\n<ul class=\" wp-block-list eplus-wrapper\">\n<li class=\" eplus-wrapper\">Christophe Hansen, Comisario de Agricultura y Alimentaci\u00f3n<\/li>\n<\/ul>\n\n\n\n<p class=\" eplus-wrapper\"><em>Los h\u00e1bitos alimentarios en la UE podr\u00edan mejorar considerablemente. M\u00e1s de la mitad de los adultos europeos tienen sobrepeso, lo que aumenta el riesgo de enfermedades cardiovasculares y diabetes.<br>Resulta alarmante que uno de cada tres menores corra el riesgo de padecer obesidad. Ahora es el momento de actuar.<\/em><\/p>\n\n\n\n<ul class=\" wp-block-list eplus-wrapper\">\n<li class=\" eplus-wrapper\">Oliv\u00e9r V\u00e1rhelyi, Comisario de Salud y Bienestar Animal<\/li>\n<\/ul>\n\n\n\n<p class=\" eplus-wrapper\"><em>Lo importante hoy son comidas escolares sanas para todos los ni\u00f1os, ni\u00f1as y todas las escuelas de Europa. La contrataci\u00f3n p\u00fablica es la palanca m\u00e1s importante para la transformaci\u00f3n del sistema alimentario.<\/em><\/p>\n\n\n\n<ul class=\" wp-block-list eplus-wrapper\">\n<li class=\" eplus-wrapper\">Eurodiputada Manuela Ripa<\/li>\n<\/ul>\n\n\n\n<p class=\" eplus-wrapper\"><em>Las escuelas deben ser un lugar donde se proteja la salud de los ni\u00f1os y las ni\u00f1as. Debemos implicar a las  familias en este esfuerzo y asegurarnos de que reducimos los costes sin sacrificar la calidad.<\/em><\/p>\n\n\n\n<ul class=\" wp-block-list eplus-wrapper\">\n<li class=\" eplus-wrapper\">Dario Nardella, eurodiputado<\/li>\n<\/ul>\n\n\n\n<p class=\" eplus-wrapper\">L<em>a incorporaci\u00f3n de un 20% de alimentos ecol\u00f3gicos en las comidas escolares podr\u00eda desbloquear potencialmente una demanda de mercado de 2.000 millones de euros y crear 80.000 puestos de trabajo en las zonas rurales\u2026 Las comidas escolares no s\u00f3lo deben considerarse como una necesidad diaria, sino como una herramienta pol\u00edtica estrat\u00e9gica para ofrecer salud y sostenibilidad.<\/em><\/p>\n\n\n\n<ul class=\" wp-block-list eplus-wrapper\">\n<li class=\" eplus-wrapper\">Eduardo Cuoco, Director de la oficina europea de IFOAM Organics<\/li>\n<\/ul>\n\n\n\n<p class=\" eplus-wrapper\"><strong><mark class=\"has-inline-color has-317275-color\">ESTUDIANTES HABLAN DE SU EXPERIENCIA <\/mark><\/strong><mark class=\"has-inline-color has-ffffff-color\"><br><\/mark>En la parte final del acto se celebr\u00f3 una interesante sesi\u00f3n de preguntas y respuestas, en la que el alumnado comparti\u00f3 sus puntos de vista sobre las comidas escolares, destacando tanto sus decepciones como sus esperanzas de cambio. Un ni\u00f1o coment\u00f3: \u00ab<em>La comida del comedor de nuestro colegio no es buena ni sabrosa. Y apenas hay opciones vegetarianas<\/em>\u00bb. Otro alumno a\u00f1adi\u00f3: \u00ab<em>Hay demasiada pasta y demasiado cerdo. Me gustar\u00eda que hubiera m\u00e1s verduras<\/em>\u00bb.<\/p>\n\n\n\n<p class=\" eplus-wrapper\">Cuando se les pregunt\u00f3 por el papel de los colegios en la ense\u00f1anza de h\u00e1bitos alimentarios saludables, el alumnado coincidi\u00f3 en que las escuelas son espacios cruciales para aprender sobre nutrici\u00f3n. \u00ab<em>\u00bfPor qu\u00e9 aprendemos tan poco sobre alimentaci\u00f3n en la escuela?<\/em>\u00ab, pregunt\u00f3 un ni\u00f1o, suscitando la reflexi\u00f3n de Peter Defranceschi, Director de la Oficina de ICLEI Europa Bruselas.<\/p>\n\n\n\n<p class=\" eplus-wrapper\">A medida que la petici\u00f3n sigue ganando impulso, el mensaje es claro: todos los ni\u00f1os y ni\u00f1as merecen comidas escolares sabrosas y nutritivas, y las escuelas son esenciales para ense\u00f1arles sobre dietas saludables y de d\u00f3nde proceden sus alimentos (educaci\u00f3n alimentaria). El apoyo p\u00fablico es vital para hacer realidad esta visi\u00f3n, e iniciativas como SchoolFood4Change est\u00e1n liderando el camino hacia un futuro m\u00e1s saludable.<\/p>\n\n\n\n<figure class=\" wp-block-image aligncenter size-large eplus-wrapper\"><img loading=\"lazy\" decoding=\"async\" width=\"1024\" height=\"683\" src=\"https:\/\/schoolfood4change.eu\/es\/wp-content\/uploads\/sites\/13\/2025\/03\/image-4-1024x683.png\" alt=\"\" class=\"wp-image-4369\" srcset=\"https:\/\/schoolfood4change.eu\/es\/wp-content\/uploads\/sites\/13\/2025\/03\/image-4-1024x683.png 1024w, https:\/\/schoolfood4change.eu\/es\/wp-content\/uploads\/sites\/13\/2025\/03\/image-4-300x200.png 300w, https:\/\/schoolfood4change.eu\/es\/wp-content\/uploads\/sites\/13\/2025\/03\/image-4-768x512.png 768w, https:\/\/schoolfood4change.eu\/es\/wp-content\/uploads\/sites\/13\/2025\/03\/image-4.png 1536w\" sizes=\"auto, (max-width: 1024px) 100vw, 1024px\" \/><figcaption class=\"wp-element-caption\"><em>J\u00f3venes estudiantes levantan la mano para hacer sus preguntas<\/em><\/figcaption><\/figure>\n\n\n\n<div style=\"height:72px\" aria-hidden=\"true\" class=\" wp-block-spacer eplus-wrapper\"><\/div>\n\n\n\n<div class=\"wp-block-buttons eplus-wrapper is-layout-flex wp-block-buttons-is-layout-flex\">\n<div class=\" wp-block-button eplus-wrapper\"><a class=\"wp-block-button__link wp-element-button\" href=\"https:\/\/schoolfood4change.eu\/es\/news\/\">Volver al men\u00fa principal<\/a><\/div>\n<\/div>\n","protected":false},"excerpt":{"rendered":"<p>En el D\u00eda Internacional de la Alimentaci\u00f3n Escolar de este a\u00f1o, los socios de SchoolFood4Change, ICLEI Europa e IFOAM Organics Europa, facilitaron un di\u00e1logo intergeneracional en el Parlamento Europeo de Estrasburgo, llevando las voces de los j\u00f3venes a la primera l\u00ednea de los debates europeos sobre pol\u00edtica alimentaria. La delegaci\u00f3n, formada por una clase de [&hellip;]<\/p>\n","protected":false},"author":13,"featured_media":4370,"comment_status":"closed","ping_status":"closed","sticky":false,"template":"","format":"standard","meta":{"_acf_changed":false,"inline_featured_image":false,"editor_plus_copied_stylings":"{}","footnotes":""},"categories":[52,19],"tags":[],"class_list":["post-4366","post","type-post","status-publish","format-standard","has-post-thumbnail","hentry","category-food","category-news"],"blocksy_meta":{"styles_descriptor":{"styles":{"desktop":"","tablet":"","mobile":""},"google_fonts":[],"version":6}},"acf":[],"yoast_head":"<!-- This site is optimized with the Yoast SEO plugin v27.4 - https:\/\/yoast.com\/product\/yoast-seo-wordpress\/ -->\n<title>Estudiantes piden en el Parlamento Europeo comidas escolares sanas y una educaci\u00f3n alimentaria - SchoolFood4Change ES<\/title>\n<meta name=\"description\" content=\"En el D\u00eda Internacional de la Alimentaci\u00f3n Escolar de este a\u00f1o, los socios de SchoolFood4Change, ICLEI Europa e IFOAM Organics Europa, facilitaron un di\u00e1logo intergeneracional en el Parlamento Europeo de Estrasburgo, llevando las voces de los j\u00f3venes a la primera l\u00ednea de los debates europeos sobre pol\u00edtica alimentaria.\" \/>\n<meta name=\"robots\" content=\"index, follow, max-snippet:-1, max-image-preview:large, max-video-preview:-1\" \/>\n<link rel=\"canonical\" href=\"https:\/\/schoolfood4change.eu\/es\/blog\/2025\/03\/17\/estudiantes-piden-en-el-parlamento-europeo-comidas-escolares-sanas-y-una-educacion-alimentaria\/\" \/>\n<meta property=\"og:locale\" content=\"es_ES\" \/>\n<meta property=\"og:type\" content=\"article\" \/>\n<meta property=\"og:title\" content=\"Estudiantes piden en el Parlamento Europeo comidas escolares sanas y una educaci\u00f3n alimentaria - SchoolFood4Change ES\" \/>\n<meta property=\"og:description\" content=\"En el D\u00eda Internacional de la Alimentaci\u00f3n Escolar de este a\u00f1o, los socios de SchoolFood4Change, ICLEI Europa e IFOAM Organics Europa, facilitaron un di\u00e1logo intergeneracional en el Parlamento Europeo de Estrasburgo, llevando las voces de los j\u00f3venes a la primera l\u00ednea de los debates europeos sobre pol\u00edtica alimentaria.\" \/>\n<meta property=\"og:url\" content=\"https:\/\/schoolfood4change.eu\/es\/blog\/2025\/03\/17\/estudiantes-piden-en-el-parlamento-europeo-comidas-escolares-sanas-y-una-educacion-alimentaria\/\" \/>\n<meta property=\"og:site_name\" content=\"SchoolFood4Change ES\" \/>\n<meta property=\"article:published_time\" content=\"2025-03-17T14:31:14+00:00\" \/>\n<meta property=\"article:modified_time\" content=\"2025-03-31T13:32:39+00:00\" \/>\n<meta property=\"og:image\" content=\"https:\/\/schoolfood4change.eu\/es\/wp-content\/uploads\/sites\/13\/2025\/03\/group_photo_2edited-2048x1208-1.jpg\" \/>\n\t<meta property=\"og:image:width\" content=\"2048\" \/>\n\t<meta property=\"og:image:height\" content=\"1208\" \/>\n\t<meta property=\"og:image:type\" content=\"image\/jpeg\" \/>\n<meta name=\"author\" content=\"ividals\" \/>\n<meta name=\"twitter:card\" content=\"summary_large_image\" \/>\n<meta name=\"twitter:label1\" content=\"Escrito por\" \/>\n\t<meta name=\"twitter:data1\" content=\"ividals\" \/>\n\t<meta name=\"twitter:label2\" content=\"Tiempo de lectura\" \/>\n\t<meta name=\"twitter:data2\" content=\"5 minutos\" \/>\n<script type=\"application\/ld+json\" class=\"yoast-schema-graph\">{\"@context\":\"https:\\\/\\\/schema.org\",\"@graph\":[{\"@type\":\"Article\",\"@id\":\"https:\\\/\\\/schoolfood4change.eu\\\/es\\\/blog\\\/2025\\\/03\\\/17\\\/estudiantes-piden-en-el-parlamento-europeo-comidas-escolares-sanas-y-una-educacion-alimentaria\\\/#article\",\"isPartOf\":{\"@id\":\"https:\\\/\\\/schoolfood4change.eu\\\/es\\\/blog\\\/2025\\\/03\\\/17\\\/estudiantes-piden-en-el-parlamento-europeo-comidas-escolares-sanas-y-una-educacion-alimentaria\\\/\"},\"author\":{\"name\":\"ividals\",\"@id\":\"https:\\\/\\\/schoolfood4change.eu\\\/es\\\/#\\\/schema\\\/person\\\/110a533e548cd9d84cf378217b2a73b9\"},\"headline\":\"Estudiantes piden en el Parlamento Europeo comidas escolares sanas y una educaci\u00f3n alimentaria\",\"datePublished\":\"2025-03-17T14:31:14+00:00\",\"dateModified\":\"2025-03-31T13:32:39+00:00\",\"mainEntityOfPage\":{\"@id\":\"https:\\\/\\\/schoolfood4change.eu\\\/es\\\/blog\\\/2025\\\/03\\\/17\\\/estudiantes-piden-en-el-parlamento-europeo-comidas-escolares-sanas-y-una-educacion-alimentaria\\\/\"},\"wordCount\":841,\"publisher\":{\"@id\":\"https:\\\/\\\/schoolfood4change.eu\\\/es\\\/#organization\"},\"image\":{\"@id\":\"https:\\\/\\\/schoolfood4change.eu\\\/es\\\/blog\\\/2025\\\/03\\\/17\\\/estudiantes-piden-en-el-parlamento-europeo-comidas-escolares-sanas-y-una-educacion-alimentaria\\\/#primaryimage\"},\"thumbnailUrl\":\"https:\\\/\\\/schoolfood4change.eu\\\/es\\\/wp-content\\\/uploads\\\/sites\\\/13\\\/2025\\\/03\\\/group_photo_2edited-2048x1208-1.jpg\",\"articleSection\":[\"Food\",\"News\"],\"inLanguage\":\"es\"},{\"@type\":\"WebPage\",\"@id\":\"https:\\\/\\\/schoolfood4change.eu\\\/es\\\/blog\\\/2025\\\/03\\\/17\\\/estudiantes-piden-en-el-parlamento-europeo-comidas-escolares-sanas-y-una-educacion-alimentaria\\\/\",\"url\":\"https:\\\/\\\/schoolfood4change.eu\\\/es\\\/blog\\\/2025\\\/03\\\/17\\\/estudiantes-piden-en-el-parlamento-europeo-comidas-escolares-sanas-y-una-educacion-alimentaria\\\/\",\"name\":\"Estudiantes piden en el Parlamento Europeo comidas escolares sanas y una educaci\u00f3n alimentaria - SchoolFood4Change ES\",\"isPartOf\":{\"@id\":\"https:\\\/\\\/schoolfood4change.eu\\\/es\\\/#website\"},\"primaryImageOfPage\":{\"@id\":\"https:\\\/\\\/schoolfood4change.eu\\\/es\\\/blog\\\/2025\\\/03\\\/17\\\/estudiantes-piden-en-el-parlamento-europeo-comidas-escolares-sanas-y-una-educacion-alimentaria\\\/#primaryimage\"},\"image\":{\"@id\":\"https:\\\/\\\/schoolfood4change.eu\\\/es\\\/blog\\\/2025\\\/03\\\/17\\\/estudiantes-piden-en-el-parlamento-europeo-comidas-escolares-sanas-y-una-educacion-alimentaria\\\/#primaryimage\"},\"thumbnailUrl\":\"https:\\\/\\\/schoolfood4change.eu\\\/es\\\/wp-content\\\/uploads\\\/sites\\\/13\\\/2025\\\/03\\\/group_photo_2edited-2048x1208-1.jpg\",\"datePublished\":\"2025-03-17T14:31:14+00:00\",\"dateModified\":\"2025-03-31T13:32:39+00:00\",\"description\":\"En el D\u00eda Internacional de la Alimentaci\u00f3n Escolar de este a\u00f1o, los socios de SchoolFood4Change, ICLEI Europa e IFOAM Organics Europa, facilitaron un di\u00e1logo intergeneracional en el Parlamento Europeo de Estrasburgo, llevando las voces de los j\u00f3venes a la primera l\u00ednea de los debates europeos sobre pol\u00edtica alimentaria.\",\"breadcrumb\":{\"@id\":\"https:\\\/\\\/schoolfood4change.eu\\\/es\\\/blog\\\/2025\\\/03\\\/17\\\/estudiantes-piden-en-el-parlamento-europeo-comidas-escolares-sanas-y-una-educacion-alimentaria\\\/#breadcrumb\"},\"inLanguage\":\"es\",\"potentialAction\":[{\"@type\":\"ReadAction\",\"target\":[\"https:\\\/\\\/schoolfood4change.eu\\\/es\\\/blog\\\/2025\\\/03\\\/17\\\/estudiantes-piden-en-el-parlamento-europeo-comidas-escolares-sanas-y-una-educacion-alimentaria\\\/\"]}]},{\"@type\":\"ImageObject\",\"inLanguage\":\"es\",\"@id\":\"https:\\\/\\\/schoolfood4change.eu\\\/es\\\/blog\\\/2025\\\/03\\\/17\\\/estudiantes-piden-en-el-parlamento-europeo-comidas-escolares-sanas-y-una-educacion-alimentaria\\\/#primaryimage\",\"url\":\"https:\\\/\\\/schoolfood4change.eu\\\/es\\\/wp-content\\\/uploads\\\/sites\\\/13\\\/2025\\\/03\\\/group_photo_2edited-2048x1208-1.jpg\",\"contentUrl\":\"https:\\\/\\\/schoolfood4change.eu\\\/es\\\/wp-content\\\/uploads\\\/sites\\\/13\\\/2025\\\/03\\\/group_photo_2edited-2048x1208-1.jpg\",\"width\":2048,\"height\":1208},{\"@type\":\"BreadcrumbList\",\"@id\":\"https:\\\/\\\/schoolfood4change.eu\\\/es\\\/blog\\\/2025\\\/03\\\/17\\\/estudiantes-piden-en-el-parlamento-europeo-comidas-escolares-sanas-y-una-educacion-alimentaria\\\/#breadcrumb\",\"itemListElement\":[{\"@type\":\"ListItem\",\"position\":1,\"name\":\"Home\",\"item\":\"https:\\\/\\\/schoolfood4change.eu\\\/es\\\/\"},{\"@type\":\"ListItem\",\"position\":2,\"name\":\"Estudiantes piden en el Parlamento Europeo comidas escolares sanas y una educaci\u00f3n alimentaria\"}]},{\"@type\":\"WebSite\",\"@id\":\"https:\\\/\\\/schoolfood4change.eu\\\/es\\\/#website\",\"url\":\"https:\\\/\\\/schoolfood4change.eu\\\/es\\\/\",\"name\":\"SchoolFood4Change ES\",\"description\":\"\",\"publisher\":{\"@id\":\"https:\\\/\\\/schoolfood4change.eu\\\/es\\\/#organization\"},\"potentialAction\":[{\"@type\":\"SearchAction\",\"target\":{\"@type\":\"EntryPoint\",\"urlTemplate\":\"https:\\\/\\\/schoolfood4change.eu\\\/es\\\/?s={search_term_string}\"},\"query-input\":{\"@type\":\"PropertyValueSpecification\",\"valueRequired\":true,\"valueName\":\"search_term_string\"}}],\"inLanguage\":\"es\"},{\"@type\":\"Organization\",\"@id\":\"https:\\\/\\\/schoolfood4change.eu\\\/es\\\/#organization\",\"name\":\"SchoolFood4Change ES\",\"url\":\"https:\\\/\\\/schoolfood4change.eu\\\/es\\\/\",\"logo\":{\"@type\":\"ImageObject\",\"inLanguage\":\"es\",\"@id\":\"https:\\\/\\\/schoolfood4change.eu\\\/es\\\/#\\\/schema\\\/logo\\\/image\\\/\",\"url\":\"https:\\\/\\\/schoolfood4change.eu\\\/es\\\/wp-content\\\/uploads\\\/sites\\\/13\\\/2022\\\/06\\\/schholfood.svg\",\"contentUrl\":\"https:\\\/\\\/schoolfood4change.eu\\\/es\\\/wp-content\\\/uploads\\\/sites\\\/13\\\/2022\\\/06\\\/schholfood.svg\",\"width\":273,\"height\":90,\"caption\":\"SchoolFood4Change ES\"},\"image\":{\"@id\":\"https:\\\/\\\/schoolfood4change.eu\\\/es\\\/#\\\/schema\\\/logo\\\/image\\\/\"}},{\"@type\":\"Person\",\"@id\":\"https:\\\/\\\/schoolfood4change.eu\\\/es\\\/#\\\/schema\\\/person\\\/110a533e548cd9d84cf378217b2a73b9\",\"name\":\"ividals\",\"image\":{\"@type\":\"ImageObject\",\"inLanguage\":\"es\",\"@id\":\"https:\\\/\\\/secure.gravatar.com\\\/avatar\\\/534d390fc4900f4128c89378c94fec883672e691d0d3bc990e78f22096786928?s=96&d=mm&r=g\",\"url\":\"https:\\\/\\\/secure.gravatar.com\\\/avatar\\\/534d390fc4900f4128c89378c94fec883672e691d0d3bc990e78f22096786928?s=96&d=mm&r=g\",\"contentUrl\":\"https:\\\/\\\/secure.gravatar.com\\\/avatar\\\/534d390fc4900f4128c89378c94fec883672e691d0d3bc990e78f22096786928?s=96&d=mm&r=g\",\"caption\":\"ividals\"},\"url\":\"https:\\\/\\\/schoolfood4change.eu\\\/es\\\/blog\\\/author\\\/ividals\\\/\"}]}<\/script>\n<!-- \/ Yoast SEO plugin. -->","yoast_head_json":{"title":"Estudiantes piden en el Parlamento Europeo comidas escolares sanas y una educaci\u00f3n alimentaria - SchoolFood4Change ES","description":"En el D\u00eda Internacional de la Alimentaci\u00f3n Escolar de este a\u00f1o, los socios de SchoolFood4Change, ICLEI Europa e IFOAM Organics Europa, facilitaron un di\u00e1logo intergeneracional en el Parlamento Europeo de Estrasburgo, llevando las voces de los j\u00f3venes a la primera l\u00ednea de los debates europeos sobre pol\u00edtica alimentaria.","robots":{"index":"index","follow":"follow","max-snippet":"max-snippet:-1","max-image-preview":"max-image-preview:large","max-video-preview":"max-video-preview:-1"},"canonical":"https:\/\/schoolfood4change.eu\/es\/blog\/2025\/03\/17\/estudiantes-piden-en-el-parlamento-europeo-comidas-escolares-sanas-y-una-educacion-alimentaria\/","og_locale":"es_ES","og_type":"article","og_title":"Estudiantes piden en el Parlamento Europeo comidas escolares sanas y una educaci\u00f3n alimentaria - SchoolFood4Change ES","og_description":"En el D\u00eda Internacional de la Alimentaci\u00f3n Escolar de este a\u00f1o, los socios de SchoolFood4Change, ICLEI Europa e IFOAM Organics Europa, facilitaron un di\u00e1logo intergeneracional en el Parlamento Europeo de Estrasburgo, llevando las voces de los j\u00f3venes a la primera l\u00ednea de los debates europeos sobre pol\u00edtica alimentaria.","og_url":"https:\/\/schoolfood4change.eu\/es\/blog\/2025\/03\/17\/estudiantes-piden-en-el-parlamento-europeo-comidas-escolares-sanas-y-una-educacion-alimentaria\/","og_site_name":"SchoolFood4Change ES","article_published_time":"2025-03-17T14:31:14+00:00","article_modified_time":"2025-03-31T13:32:39+00:00","og_image":[{"width":2048,"height":1208,"url":"https:\/\/schoolfood4change.eu\/es\/wp-content\/uploads\/sites\/13\/2025\/03\/group_photo_2edited-2048x1208-1.jpg","type":"image\/jpeg"}],"author":"ividals","twitter_card":"summary_large_image","twitter_misc":{"Escrito por":"ividals","Tiempo de lectura":"5 minutos"},"schema":{"@context":"https:\/\/schema.org","@graph":[{"@type":"Article","@id":"https:\/\/schoolfood4change.eu\/es\/blog\/2025\/03\/17\/estudiantes-piden-en-el-parlamento-europeo-comidas-escolares-sanas-y-una-educacion-alimentaria\/#article","isPartOf":{"@id":"https:\/\/schoolfood4change.eu\/es\/blog\/2025\/03\/17\/estudiantes-piden-en-el-parlamento-europeo-comidas-escolares-sanas-y-una-educacion-alimentaria\/"},"author":{"name":"ividals","@id":"https:\/\/schoolfood4change.eu\/es\/#\/schema\/person\/110a533e548cd9d84cf378217b2a73b9"},"headline":"Estudiantes piden en el Parlamento Europeo comidas escolares sanas y una educaci\u00f3n alimentaria","datePublished":"2025-03-17T14:31:14+00:00","dateModified":"2025-03-31T13:32:39+00:00","mainEntityOfPage":{"@id":"https:\/\/schoolfood4change.eu\/es\/blog\/2025\/03\/17\/estudiantes-piden-en-el-parlamento-europeo-comidas-escolares-sanas-y-una-educacion-alimentaria\/"},"wordCount":841,"publisher":{"@id":"https:\/\/schoolfood4change.eu\/es\/#organization"},"image":{"@id":"https:\/\/schoolfood4change.eu\/es\/blog\/2025\/03\/17\/estudiantes-piden-en-el-parlamento-europeo-comidas-escolares-sanas-y-una-educacion-alimentaria\/#primaryimage"},"thumbnailUrl":"https:\/\/schoolfood4change.eu\/es\/wp-content\/uploads\/sites\/13\/2025\/03\/group_photo_2edited-2048x1208-1.jpg","articleSection":["Food","News"],"inLanguage":"es"},{"@type":"WebPage","@id":"https:\/\/schoolfood4change.eu\/es\/blog\/2025\/03\/17\/estudiantes-piden-en-el-parlamento-europeo-comidas-escolares-sanas-y-una-educacion-alimentaria\/","url":"https:\/\/schoolfood4change.eu\/es\/blog\/2025\/03\/17\/estudiantes-piden-en-el-parlamento-europeo-comidas-escolares-sanas-y-una-educacion-alimentaria\/","name":"Estudiantes piden en el Parlamento Europeo comidas escolares sanas y una educaci\u00f3n alimentaria - SchoolFood4Change ES","isPartOf":{"@id":"https:\/\/schoolfood4change.eu\/es\/#website"},"primaryImageOfPage":{"@id":"https:\/\/schoolfood4change.eu\/es\/blog\/2025\/03\/17\/estudiantes-piden-en-el-parlamento-europeo-comidas-escolares-sanas-y-una-educacion-alimentaria\/#primaryimage"},"image":{"@id":"https:\/\/schoolfood4change.eu\/es\/blog\/2025\/03\/17\/estudiantes-piden-en-el-parlamento-europeo-comidas-escolares-sanas-y-una-educacion-alimentaria\/#primaryimage"},"thumbnailUrl":"https:\/\/schoolfood4change.eu\/es\/wp-content\/uploads\/sites\/13\/2025\/03\/group_photo_2edited-2048x1208-1.jpg","datePublished":"2025-03-17T14:31:14+00:00","dateModified":"2025-03-31T13:32:39+00:00","description":"En el D\u00eda Internacional de la Alimentaci\u00f3n Escolar de este a\u00f1o, los socios de SchoolFood4Change, ICLEI Europa e IFOAM Organics Europa, facilitaron un di\u00e1logo intergeneracional en el Parlamento Europeo de Estrasburgo, llevando las voces de los j\u00f3venes a la primera l\u00ednea de los debates europeos sobre pol\u00edtica alimentaria.","breadcrumb":{"@id":"https:\/\/schoolfood4change.eu\/es\/blog\/2025\/03\/17\/estudiantes-piden-en-el-parlamento-europeo-comidas-escolares-sanas-y-una-educacion-alimentaria\/#breadcrumb"},"inLanguage":"es","potentialAction":[{"@type":"ReadAction","target":["https:\/\/schoolfood4change.eu\/es\/blog\/2025\/03\/17\/estudiantes-piden-en-el-parlamento-europeo-comidas-escolares-sanas-y-una-educacion-alimentaria\/"]}]},{"@type":"ImageObject","inLanguage":"es","@id":"https:\/\/schoolfood4change.eu\/es\/blog\/2025\/03\/17\/estudiantes-piden-en-el-parlamento-europeo-comidas-escolares-sanas-y-una-educacion-alimentaria\/#primaryimage","url":"https:\/\/schoolfood4change.eu\/es\/wp-content\/uploads\/sites\/13\/2025\/03\/group_photo_2edited-2048x1208-1.jpg","contentUrl":"https:\/\/schoolfood4change.eu\/es\/wp-content\/uploads\/sites\/13\/2025\/03\/group_photo_2edited-2048x1208-1.jpg","width":2048,"height":1208},{"@type":"BreadcrumbList","@id":"https:\/\/schoolfood4change.eu\/es\/blog\/2025\/03\/17\/estudiantes-piden-en-el-parlamento-europeo-comidas-escolares-sanas-y-una-educacion-alimentaria\/#breadcrumb","itemListElement":[{"@type":"ListItem","position":1,"name":"Home","item":"https:\/\/schoolfood4change.eu\/es\/"},{"@type":"ListItem","position":2,"name":"Estudiantes piden en el Parlamento Europeo comidas escolares sanas y una educaci\u00f3n alimentaria"}]},{"@type":"WebSite","@id":"https:\/\/schoolfood4change.eu\/es\/#website","url":"https:\/\/schoolfood4change.eu\/es\/","name":"SchoolFood4Change ES","description":"","publisher":{"@id":"https:\/\/schoolfood4change.eu\/es\/#organization"},"potentialAction":[{"@type":"SearchAction","target":{"@type":"EntryPoint","urlTemplate":"https:\/\/schoolfood4change.eu\/es\/?s={search_term_string}"},"query-input":{"@type":"PropertyValueSpecification","valueRequired":true,"valueName":"search_term_string"}}],"inLanguage":"es"},{"@type":"Organization","@id":"https:\/\/schoolfood4change.eu\/es\/#organization","name":"SchoolFood4Change ES","url":"https:\/\/schoolfood4change.eu\/es\/","logo":{"@type":"ImageObject","inLanguage":"es","@id":"https:\/\/schoolfood4change.eu\/es\/#\/schema\/logo\/image\/","url":"https:\/\/schoolfood4change.eu\/es\/wp-content\/uploads\/sites\/13\/2022\/06\/schholfood.svg","contentUrl":"https:\/\/schoolfood4change.eu\/es\/wp-content\/uploads\/sites\/13\/2022\/06\/schholfood.svg","width":273,"height":90,"caption":"SchoolFood4Change ES"},"image":{"@id":"https:\/\/schoolfood4change.eu\/es\/#\/schema\/logo\/image\/"}},{"@type":"Person","@id":"https:\/\/schoolfood4change.eu\/es\/#\/schema\/person\/110a533e548cd9d84cf378217b2a73b9","name":"ividals","image":{"@type":"ImageObject","inLanguage":"es","@id":"https:\/\/secure.gravatar.com\/avatar\/534d390fc4900f4128c89378c94fec883672e691d0d3bc990e78f22096786928?s=96&d=mm&r=g","url":"https:\/\/secure.gravatar.com\/avatar\/534d390fc4900f4128c89378c94fec883672e691d0d3bc990e78f22096786928?s=96&d=mm&r=g","contentUrl":"https:\/\/secure.gravatar.com\/avatar\/534d390fc4900f4128c89378c94fec883672e691d0d3bc990e78f22096786928?s=96&d=mm&r=g","caption":"ividals"},"url":"https:\/\/schoolfood4change.eu\/es\/blog\/author\/ividals\/"}]}},"_links":{"self":[{"href":"https:\/\/schoolfood4change.eu\/es\/wp-json\/wp\/v2\/posts\/4366","targetHints":{"allow":["GET"]}}],"collection":[{"href":"https:\/\/schoolfood4change.eu\/es\/wp-json\/wp\/v2\/posts"}],"about":[{"href":"https:\/\/schoolfood4change.eu\/es\/wp-json\/wp\/v2\/types\/post"}],"author":[{"embeddable":true,"href":"https:\/\/schoolfood4change.eu\/es\/wp-json\/wp\/v2\/users\/13"}],"replies":[{"embeddable":true,"href":"https:\/\/schoolfood4change.eu\/es\/wp-json\/wp\/v2\/comments?post=4366"}],"version-history":[{"count":2,"href":"https:\/\/schoolfood4change.eu\/es\/wp-json\/wp\/v2\/posts\/4366\/revisions"}],"predecessor-version":[{"id":4373,"href":"https:\/\/schoolfood4change.eu\/es\/wp-json\/wp\/v2\/posts\/4366\/revisions\/4373"}],"wp:featuredmedia":[{"embeddable":true,"href":"https:\/\/schoolfood4change.eu\/es\/wp-json\/wp\/v2\/media\/4370"}],"wp:attachment":[{"href":"https:\/\/schoolfood4change.eu\/es\/wp-json\/wp\/v2\/media?parent=4366"}],"wp:term":[{"taxonomy":"category","embeddable":true,"href":"https:\/\/schoolfood4change.eu\/es\/wp-json\/wp\/v2\/categories?post=4366"},{"taxonomy":"post_tag","embeddable":true,"href":"https:\/\/schoolfood4change.eu\/es\/wp-json\/wp\/v2\/tags?post=4366"}],"curies":[{"name":"wp","href":"https:\/\/api.w.org\/{rel}","templated":true}]}}