{"id":4358,"date":"2025-03-31T15:10:13","date_gmt":"2025-03-31T13:10:13","guid":{"rendered":"https:\/\/schoolfood4change.eu\/es\/?p=4358"},"modified":"2025-03-31T15:53:39","modified_gmt":"2025-03-31T13:53:39","slug":"por-que-aprendemos-tan-poco-sobre-alimentacion-en-la-escuela","status":"publish","type":"post","link":"https:\/\/schoolfood4change.eu\/es\/blog\/2025\/03\/31\/por-que-aprendemos-tan-poco-sobre-alimentacion-en-la-escuela\/","title":{"rendered":"\u00bfPor qu\u00e9 aprendemos tan poco sobre alimentaci\u00f3n en la escuela?"},"content":{"rendered":"\n<p class=\" eplus-wrapper\"><\/p>\n\n\n\n<p class=\" eplus-wrapper\">Las comidas escolares y la educaci\u00f3n alimentaria son cuestiones transversales. Cuando se aplican correctamente, los programas de comidas escolares contrarrestan las tendencias actuales de obesidad (uno de cada tres menores en Europa tiene sobrepeso u obesidad), apoyan la agricultura sostenible, promueven la salud p\u00fablica con efectos en la edad adulta, apoyan la protecci\u00f3n del medio ambiente y ayudan a proteger los derechos de los ni\u00f1os y las ni\u00f1as.<\/p>\n\n\n<p class=\" eplus-wrapper eplus-styles-uid-cd19d1\">Por ello, los socios de SchoolFood4Change (SF4C), junto con <a href=\"https:\/\/buybetterfood.eu\/\"><mark class=\"has-inline-color has-317275-color\">Buy Better Food<\/mark><\/a>, siguen entablando di\u00e1logos pol\u00edticos para que los pol\u00edticos de diversos \u00e1mbitos de responsabilidad se sumen a nuestra misi\u00f3n: \u00a1<a href=\"https:\/\/action.wemove.eu\/sign\/2024-09-free-school-meals-petition-ES\"><mark class=\"has-inline-color has-317275-color\">comidas escolares sanas para todos los ni\u00f1os y las ni\u00f1as<\/mark><\/a>!<\/p>\n\n\n<p class=\" eplus-wrapper\">Este mes de marzo &#8211; con motivo del <strong>D\u00eda Internacional de la Alimentaci\u00f3n Escolar <\/strong>(#ISMD2025) &#8211; SF4C alcanz\u00f3 otro hito en este sentido. Gracias al apoyo de ICLEI Europe (coordinador de SF4C), IFOAM Organics Europe (socio del proyecto SF4C), <a href=\"https:\/\/wemove.eu\/es\"><mark class=\"has-inline-color has-317275-color\">WeMove Europe<\/mark><\/a>, <a href=\"https:\/\/www.ecoleatable.org\/\"><mark class=\"has-inline-color has-317275-color\">\u00c9cole \u00e0 Table<\/mark><\/a>, Buy Better Food y Dario Nardella, miembro del Parlamento Europeo (MEP), llegamos a reunirnos con tres comisarios europeos y varios eurodiputados y eurodiputadas de distintos partidos para debatir sobre nutrici\u00f3n escolar y educaci\u00f3n alimentaria.<\/p>\n\n\n\n<figure class=\" wp-block-image aligncenter size-large eplus-wrapper\"><img loading=\"lazy\" decoding=\"async\" width=\"1024\" height=\"620\" src=\"https:\/\/schoolfood4change.eu\/es\/wp-content\/uploads\/sites\/13\/2025\/03\/image-1024x620.png\" alt=\"Peter Defranceschi, Director de la Oficina de ICLEI Europa en Bruselas, y Glenn Micallef, Comisario de Justicia Intergeneracional, Cultura y Deporte de la UE, hablan con los ni\u00f1os y las ni\u00f1as en Bruselas.\" class=\"wp-image-4360\" srcset=\"https:\/\/schoolfood4change.eu\/es\/wp-content\/uploads\/sites\/13\/2025\/03\/image-1024x620.png 1024w, https:\/\/schoolfood4change.eu\/es\/wp-content\/uploads\/sites\/13\/2025\/03\/image-300x181.png 300w, https:\/\/schoolfood4change.eu\/es\/wp-content\/uploads\/sites\/13\/2025\/03\/image-768x465.png 768w, https:\/\/schoolfood4change.eu\/es\/wp-content\/uploads\/sites\/13\/2025\/03\/image-1536x929.png 1536w, https:\/\/schoolfood4change.eu\/es\/wp-content\/uploads\/sites\/13\/2025\/03\/image.png 2048w\" sizes=\"auto, (max-width: 1024px) 100vw, 1024px\" \/><figcaption class=\"wp-element-caption\"><em>Peter Defranceschi, Director de la Oficina de ICLEI Europa en Bruselas, y Glenn Micallef, Comisario de Justicia Intergeneracional, Cultura y Deporte de la UE, hablan con los ni\u00f1os y las ni\u00f1as en Bruselas.<\/em><\/figcaption><\/figure>\n\n\n\n<p class=\" eplus-wrapper\"><\/p>\n\n\n\n<figure class=\" wp-block-image alignright size-large is-resized eplus-wrapper\"><img loading=\"lazy\" decoding=\"async\" width=\"1024\" height=\"779\" src=\"https:\/\/schoolfood4change.eu\/es\/wp-content\/uploads\/sites\/13\/2025\/03\/image-1-1024x779.png\" alt=\"\" class=\"wp-image-4361\" style=\"width:511px;height:auto\" srcset=\"https:\/\/schoolfood4change.eu\/es\/wp-content\/uploads\/sites\/13\/2025\/03\/image-1-1024x779.png 1024w, https:\/\/schoolfood4change.eu\/es\/wp-content\/uploads\/sites\/13\/2025\/03\/image-1-300x228.png 300w, https:\/\/schoolfood4change.eu\/es\/wp-content\/uploads\/sites\/13\/2025\/03\/image-1-768x585.png 768w, https:\/\/schoolfood4change.eu\/es\/wp-content\/uploads\/sites\/13\/2025\/03\/image-1.png 1536w\" sizes=\"auto, (max-width: 1024px) 100vw, 1024px\" \/><figcaption class=\"wp-element-caption\"><em>Glenn Micallef, Comisario de Justicia Intergeneracional, Cultura y Deporte de la UE, con el delantal SchoolFood4Change<\/em><\/figcaption><\/figure>\n\n\n\n<p class=\" eplus-wrapper\">\u201c<em>La comida del comedor de nuestro colegio no es buena ni sabrosa. Y apenas hay opciones vegetarianas<\/em>\u201c, relat\u00f3 uno de los escolares del Markgr\u00e4fler Gymnasium (instituto de secundaria) de M\u00fcllheim, Alemania, que particip\u00f3 en nuestra sesi\u00f3n de debate con los Comisarios europeos Christophe Hansen (Agricultura y Alimentaci\u00f3n) y Oliv\u00e9r V\u00e1rhelyi (Salud y Bienestar Animal), en el Parlamento Europeo de Estrasburgo. M\u00e1s informaci\u00f3n sobre este intercambio <a href=\"https:\/\/schoolfood4change.eu\/es\/wp-admin\/post.php?post=4366&amp;action=edit\"><mark class=\"has-inline-color has-317275-color\">aqu\u00ed<\/mark><\/a>.<\/p>\n\n\n\n<p class=\" eplus-wrapper\"><\/p>\n\n\n\n<p class=\" eplus-wrapper\">Unos d\u00edas m\u00e1s tarde, \u00ab<em>Si la alimentaci\u00f3n es tan importante, \u00bfpor qu\u00e9 aprendemos tan poco sobre ella en la escuela?<\/em>\u00ab, nos pregunt\u00f3 un estudiante que particip\u00f3 en nuestro emocionante intercambio con Glenn Micallef, Comisario de Justicia Intergeneracional, Juventud, Cultura y Deporte de la UE, en la Comisi\u00f3n Europea en Bruselas. En su respuesta, el Comisario confirm\u00f3 la importancia de la alfabetizaci\u00f3n alimentaria como habilidad para la vida y la necesidad de integrarla en el sistema educativo. Tambi\u00e9n dijo: \u00ab<em>Esperemos que, con el tiempo, podamos hacer cambios importantes e introducir elementos m\u00e1s concretos de educaci\u00f3n alimentaria en las escuelas, que luego se traduzcan en mejores comidas escolares<\/em>\u00ab.<\/p>\n\n\n\n<p class=\" eplus-wrapper\">Estas reuniones entre j\u00f3venes, pol\u00edticos de alto nivel y expertos en el sistema alimentario han demostrado que el di\u00e1logo intergeneracional y la colaboraci\u00f3n entre distintos departamentos, m\u00e1s all\u00e1 de los partidos pol\u00edticos, son cruciales para garantizar que el alumnado reciba y sea educados sobre una nutrici\u00f3n adecuada, ahora y en el futuro.<\/p>\n\n\n\n<p class=\" eplus-wrapper\">En el marco de SchoolFood4Change, nuestras ciudades y escuelas asociadas est\u00e1n demostrando que nuestro enfoque hol\u00edstico (<a href=\"https:\/\/schoolfood4change.eu\/es\/proyecto\/whole-school-food-approach\/\"><mark class=\"has-inline-color has-317275-color\">Enfoque Integral de la Alimentaci\u00f3n Escolar<\/mark><\/a>) funciona. Mientras que, en toda Europa, <a href=\"https:\/\/ec.europa.eu\/eurostat\/web\/products-eurostat-news\/-\/ddn-20220428-3\"><mark class=\"has-inline-color has-317275-color\">m\u00e1s de 90 millones de estudiantes asisten a escuelas y universidades<\/mark><\/a>, ya se est\u00e1 llegando a <strong>m\u00e1s de 650.000 alumnos y alumnas a trav\u00e9s de las actividades de SF4C<\/strong> y, gracias a la mejora de los procesos de adquisici\u00f3n, <strong>m\u00e1s de 3.200 escuelas de 22 pa\u00edses est\u00e1n sirviendo comidas m\u00e1s sanas y sostenibles, incluyendo mayores porciones de fruta y verdura<\/strong>. El suministro de comidas sanas y nutritivas en los centros educativos, junto con una educaci\u00f3n alimentaria integral y una participaci\u00f3n significativa de la comunidad, representa una oportunidad importante para hacer frente a la inseguridad alimentaria y reducir las disparidades en materia de salud. Un informe reciente destaca los amplios beneficios de los programas de comidas escolares, lo que refuerza la necesidad de seguir invirtiendo en este \u00e1mbito.<\/p>\n\n\n\n<figure class=\" wp-block-image aligncenter size-large eplus-wrapper\"><img loading=\"lazy\" decoding=\"async\" width=\"1024\" height=\"797\" src=\"https:\/\/schoolfood4change.eu\/es\/wp-content\/uploads\/sites\/13\/2025\/03\/image-2-1024x797.png\" alt=\"Glenn Micallef, Comisario europeo de Justicia Intergeneracional, Juventud, Cultura y Deporte, en la Comisi\u00f3n Europea en Bruselas, hablando con los ni\u00f1os y las ni\u00f1as.\" class=\"wp-image-4362\" srcset=\"https:\/\/schoolfood4change.eu\/es\/wp-content\/uploads\/sites\/13\/2025\/03\/image-2-1024x797.png 1024w, https:\/\/schoolfood4change.eu\/es\/wp-content\/uploads\/sites\/13\/2025\/03\/image-2-300x234.png 300w, https:\/\/schoolfood4change.eu\/es\/wp-content\/uploads\/sites\/13\/2025\/03\/image-2-768x598.png 768w, https:\/\/schoolfood4change.eu\/es\/wp-content\/uploads\/sites\/13\/2025\/03\/image-2.png 1536w\" sizes=\"auto, (max-width: 1024px) 100vw, 1024px\" \/><figcaption class=\"wp-element-caption\"><em>Glenn Micallef, Comisario europeo de Justicia Intergeneracional, Juventud, Cultura y Deporte, en la Comisi\u00f3n Europea en Bruselas, hablando con los ni\u00f1os y las ni\u00f1as.<\/em><\/figcaption><\/figure>\n\n\n\n<p class=\" eplus-wrapper\">Los esfuerzos de los socios del proyecto SF4C coinciden estrechamente con la <a href=\"https:\/\/employment-social-affairs.ec.europa.eu\/policies-and-activities\/social-protection-social-inclusion\/addressing-poverty-and-supporting-social-inclusion\/investing-children\/european-child-guarantee_en?prefLang=es\"><mark class=\"has-inline-color has-317275-color\">Garant\u00eda Infantil Europea<\/mark><\/a>, una iniciativa lanzada por la Presidenta de la Comisi\u00f3n Europea, Ursula von der Leyen, para proteger a los ni\u00f1os vulnerables de la exclusi\u00f3n social. <strong>La iniciativa pretende garantizar el acceso a servicios esenciales, incluida al menos una comida escolar saludable al d\u00eda<\/strong>. Aproximadamente la mitad de los Estados miembros de la UE ya han integrado las comidas escolares en sus Planes Nacionales de Acci\u00f3n para la Garant\u00eda Infantil de la UE, pero no existe una <strong>visi\u00f3n unificada de la UE que alinee los programas existentes sobre nutrici\u00f3n escolar en todas las Direcciones Generales de la Comisi\u00f3n Europea<\/strong>. As\u00ed que no dejaremos de buscar el di\u00e1logo con los responsables pol\u00edticos y de implicar a los j\u00f3venes en la conversaci\u00f3n.<\/p>\n\n\n\n<ol class=\" wp-block-list eplus-wrapper\"><\/ol>\n\n\n\n<div style=\"height:72px\" aria-hidden=\"true\" class=\" wp-block-spacer eplus-wrapper\"><\/div>\n\n\n\n<div class=\"wp-block-buttons eplus-wrapper is-layout-flex wp-block-buttons-is-layout-flex\">\n<div class=\" wp-block-button eplus-wrapper\"><a class=\"wp-block-button__link wp-element-button\" href=\"https:\/\/schoolfood4change.eu\/es\/news\/\">Volver al men\u00fa principal<\/a><\/div>\n<\/div>\n","protected":false},"excerpt":{"rendered":"<p>Las comidas escolares y la educaci\u00f3n alimentaria son cuestiones transversales. Cuando se aplican correctamente, los programas de comidas escolares contrarrestan las tendencias actuales de obesidad (uno de cada tres menores en Europa tiene sobrepeso u obesidad), apoyan la agricultura sostenible, promueven la salud p\u00fablica con efectos en la edad adulta, apoyan la protecci\u00f3n del medio [&hellip;]<\/p>\n","protected":false},"author":13,"featured_media":4371,"comment_status":"closed","ping_status":"closed","sticky":false,"template":"","format":"standard","meta":{"_acf_changed":false,"inline_featured_image":false,"editor_plus_copied_stylings":"{}","footnotes":""},"categories":[52,19],"tags":[],"class_list":["post-4358","post","type-post","status-publish","format-standard","has-post-thumbnail","hentry","category-food","category-news"],"blocksy_meta":{"styles_descriptor":{"styles":{"desktop":"","tablet":"","mobile":""},"google_fonts":[],"version":6}},"acf":[],"yoast_head":"<!-- This site is optimized with the Yoast SEO plugin v27.4 - https:\/\/yoast.com\/product\/yoast-seo-wordpress\/ -->\n<title>\u00bfPor qu\u00e9 aprendemos tan poco sobre alimentaci\u00f3n en la escuela? - SchoolFood4Change ES<\/title>\n<meta name=\"description\" content=\"Relato del emocionante intercambio con Glenn Micallef, Comisario de Justicia Intergeneracional, Juventud, Cultura y Deporte de la UE, en la Comisi\u00f3n Europea en Bruselas. Estas reuniones entre j\u00f3venes, pol\u00edticos de alto nivel y expertos en el sistema alimentario han demostrado que el di\u00e1logo intergeneracional y la colaboraci\u00f3n entre distintos departamentos, m\u00e1s all\u00e1 de los partidos pol\u00edticos, son cruciales para garantizar que el alumnado reciba y sea educados sobre una nutrici\u00f3n adecuada, ahora y en el futuro.\" \/>\n<meta name=\"robots\" content=\"index, follow, max-snippet:-1, max-image-preview:large, max-video-preview:-1\" \/>\n<link rel=\"canonical\" href=\"https:\/\/schoolfood4change.eu\/es\/blog\/2025\/03\/31\/por-que-aprendemos-tan-poco-sobre-alimentacion-en-la-escuela\/\" \/>\n<meta property=\"og:locale\" content=\"es_ES\" \/>\n<meta property=\"og:type\" content=\"article\" \/>\n<meta property=\"og:title\" content=\"\u00bfPor qu\u00e9 aprendemos tan poco sobre alimentaci\u00f3n en la escuela? - SchoolFood4Change ES\" \/>\n<meta property=\"og:description\" content=\"Relato del emocionante intercambio con Glenn Micallef, Comisario de Justicia Intergeneracional, Juventud, Cultura y Deporte de la UE, en la Comisi\u00f3n Europea en Bruselas. Estas reuniones entre j\u00f3venes, pol\u00edticos de alto nivel y expertos en el sistema alimentario han demostrado que el di\u00e1logo intergeneracional y la colaboraci\u00f3n entre distintos departamentos, m\u00e1s all\u00e1 de los partidos pol\u00edticos, son cruciales para garantizar que el alumnado reciba y sea educados sobre una nutrici\u00f3n adecuada, ahora y en el futuro.\" \/>\n<meta property=\"og:url\" content=\"https:\/\/schoolfood4change.eu\/es\/blog\/2025\/03\/31\/por-que-aprendemos-tan-poco-sobre-alimentacion-en-la-escuela\/\" \/>\n<meta property=\"og:site_name\" content=\"SchoolFood4Change ES\" \/>\n<meta property=\"article:published_time\" content=\"2025-03-31T13:10:13+00:00\" \/>\n<meta property=\"article:modified_time\" content=\"2025-03-31T13:53:39+00:00\" \/>\n<meta property=\"og:image\" content=\"https:\/\/schoolfood4change.eu\/es\/wp-content\/uploads\/sites\/13\/2025\/03\/21March_Micallef-Meeting_group-1024x671-1.jpg\" \/>\n\t<meta property=\"og:image:width\" content=\"1024\" \/>\n\t<meta property=\"og:image:height\" content=\"671\" \/>\n\t<meta property=\"og:image:type\" content=\"image\/jpeg\" \/>\n<meta name=\"author\" content=\"ividals\" \/>\n<meta name=\"twitter:card\" content=\"summary_large_image\" \/>\n<meta name=\"twitter:label1\" content=\"Escrito por\" \/>\n\t<meta name=\"twitter:data1\" content=\"ividals\" \/>\n\t<meta name=\"twitter:label2\" content=\"Tiempo de lectura\" \/>\n\t<meta name=\"twitter:data2\" content=\"5 minutos\" \/>\n<script type=\"application\/ld+json\" class=\"yoast-schema-graph\">{\"@context\":\"https:\\\/\\\/schema.org\",\"@graph\":[{\"@type\":\"Article\",\"@id\":\"https:\\\/\\\/schoolfood4change.eu\\\/es\\\/blog\\\/2025\\\/03\\\/31\\\/por-que-aprendemos-tan-poco-sobre-alimentacion-en-la-escuela\\\/#article\",\"isPartOf\":{\"@id\":\"https:\\\/\\\/schoolfood4change.eu\\\/es\\\/blog\\\/2025\\\/03\\\/31\\\/por-que-aprendemos-tan-poco-sobre-alimentacion-en-la-escuela\\\/\"},\"author\":{\"name\":\"ividals\",\"@id\":\"https:\\\/\\\/schoolfood4change.eu\\\/es\\\/#\\\/schema\\\/person\\\/110a533e548cd9d84cf378217b2a73b9\"},\"headline\":\"\u00bfPor qu\u00e9 aprendemos tan poco sobre alimentaci\u00f3n en la escuela?\",\"datePublished\":\"2025-03-31T13:10:13+00:00\",\"dateModified\":\"2025-03-31T13:53:39+00:00\",\"mainEntityOfPage\":{\"@id\":\"https:\\\/\\\/schoolfood4change.eu\\\/es\\\/blog\\\/2025\\\/03\\\/31\\\/por-que-aprendemos-tan-poco-sobre-alimentacion-en-la-escuela\\\/\"},\"wordCount\":860,\"publisher\":{\"@id\":\"https:\\\/\\\/schoolfood4change.eu\\\/es\\\/#organization\"},\"image\":{\"@id\":\"https:\\\/\\\/schoolfood4change.eu\\\/es\\\/blog\\\/2025\\\/03\\\/31\\\/por-que-aprendemos-tan-poco-sobre-alimentacion-en-la-escuela\\\/#primaryimage\"},\"thumbnailUrl\":\"https:\\\/\\\/schoolfood4change.eu\\\/es\\\/wp-content\\\/uploads\\\/sites\\\/13\\\/2025\\\/03\\\/21March_Micallef-Meeting_group-1024x671-1.jpg\",\"articleSection\":[\"Food\",\"News\"],\"inLanguage\":\"es\"},{\"@type\":\"WebPage\",\"@id\":\"https:\\\/\\\/schoolfood4change.eu\\\/es\\\/blog\\\/2025\\\/03\\\/31\\\/por-que-aprendemos-tan-poco-sobre-alimentacion-en-la-escuela\\\/\",\"url\":\"https:\\\/\\\/schoolfood4change.eu\\\/es\\\/blog\\\/2025\\\/03\\\/31\\\/por-que-aprendemos-tan-poco-sobre-alimentacion-en-la-escuela\\\/\",\"name\":\"\u00bfPor qu\u00e9 aprendemos tan poco sobre alimentaci\u00f3n en la escuela? - SchoolFood4Change ES\",\"isPartOf\":{\"@id\":\"https:\\\/\\\/schoolfood4change.eu\\\/es\\\/#website\"},\"primaryImageOfPage\":{\"@id\":\"https:\\\/\\\/schoolfood4change.eu\\\/es\\\/blog\\\/2025\\\/03\\\/31\\\/por-que-aprendemos-tan-poco-sobre-alimentacion-en-la-escuela\\\/#primaryimage\"},\"image\":{\"@id\":\"https:\\\/\\\/schoolfood4change.eu\\\/es\\\/blog\\\/2025\\\/03\\\/31\\\/por-que-aprendemos-tan-poco-sobre-alimentacion-en-la-escuela\\\/#primaryimage\"},\"thumbnailUrl\":\"https:\\\/\\\/schoolfood4change.eu\\\/es\\\/wp-content\\\/uploads\\\/sites\\\/13\\\/2025\\\/03\\\/21March_Micallef-Meeting_group-1024x671-1.jpg\",\"datePublished\":\"2025-03-31T13:10:13+00:00\",\"dateModified\":\"2025-03-31T13:53:39+00:00\",\"description\":\"Relato del emocionante intercambio con Glenn Micallef, Comisario de Justicia Intergeneracional, Juventud, Cultura y Deporte de la UE, en la Comisi\u00f3n Europea en Bruselas. Estas reuniones entre j\u00f3venes, pol\u00edticos de alto nivel y expertos en el sistema alimentario han demostrado que el di\u00e1logo intergeneracional y la colaboraci\u00f3n entre distintos departamentos, m\u00e1s all\u00e1 de los partidos pol\u00edticos, son cruciales para garantizar que el alumnado reciba y sea educados sobre una nutrici\u00f3n adecuada, ahora y en el futuro.\",\"breadcrumb\":{\"@id\":\"https:\\\/\\\/schoolfood4change.eu\\\/es\\\/blog\\\/2025\\\/03\\\/31\\\/por-que-aprendemos-tan-poco-sobre-alimentacion-en-la-escuela\\\/#breadcrumb\"},\"inLanguage\":\"es\",\"potentialAction\":[{\"@type\":\"ReadAction\",\"target\":[\"https:\\\/\\\/schoolfood4change.eu\\\/es\\\/blog\\\/2025\\\/03\\\/31\\\/por-que-aprendemos-tan-poco-sobre-alimentacion-en-la-escuela\\\/\"]}]},{\"@type\":\"ImageObject\",\"inLanguage\":\"es\",\"@id\":\"https:\\\/\\\/schoolfood4change.eu\\\/es\\\/blog\\\/2025\\\/03\\\/31\\\/por-que-aprendemos-tan-poco-sobre-alimentacion-en-la-escuela\\\/#primaryimage\",\"url\":\"https:\\\/\\\/schoolfood4change.eu\\\/es\\\/wp-content\\\/uploads\\\/sites\\\/13\\\/2025\\\/03\\\/21March_Micallef-Meeting_group-1024x671-1.jpg\",\"contentUrl\":\"https:\\\/\\\/schoolfood4change.eu\\\/es\\\/wp-content\\\/uploads\\\/sites\\\/13\\\/2025\\\/03\\\/21March_Micallef-Meeting_group-1024x671-1.jpg\",\"width\":1024,\"height\":671},{\"@type\":\"BreadcrumbList\",\"@id\":\"https:\\\/\\\/schoolfood4change.eu\\\/es\\\/blog\\\/2025\\\/03\\\/31\\\/por-que-aprendemos-tan-poco-sobre-alimentacion-en-la-escuela\\\/#breadcrumb\",\"itemListElement\":[{\"@type\":\"ListItem\",\"position\":1,\"name\":\"Home\",\"item\":\"https:\\\/\\\/schoolfood4change.eu\\\/es\\\/\"},{\"@type\":\"ListItem\",\"position\":2,\"name\":\"\u00bfPor qu\u00e9 aprendemos tan poco sobre alimentaci\u00f3n en la escuela?\"}]},{\"@type\":\"WebSite\",\"@id\":\"https:\\\/\\\/schoolfood4change.eu\\\/es\\\/#website\",\"url\":\"https:\\\/\\\/schoolfood4change.eu\\\/es\\\/\",\"name\":\"SchoolFood4Change ES\",\"description\":\"\",\"publisher\":{\"@id\":\"https:\\\/\\\/schoolfood4change.eu\\\/es\\\/#organization\"},\"potentialAction\":[{\"@type\":\"SearchAction\",\"target\":{\"@type\":\"EntryPoint\",\"urlTemplate\":\"https:\\\/\\\/schoolfood4change.eu\\\/es\\\/?s={search_term_string}\"},\"query-input\":{\"@type\":\"PropertyValueSpecification\",\"valueRequired\":true,\"valueName\":\"search_term_string\"}}],\"inLanguage\":\"es\"},{\"@type\":\"Organization\",\"@id\":\"https:\\\/\\\/schoolfood4change.eu\\\/es\\\/#organization\",\"name\":\"SchoolFood4Change ES\",\"url\":\"https:\\\/\\\/schoolfood4change.eu\\\/es\\\/\",\"logo\":{\"@type\":\"ImageObject\",\"inLanguage\":\"es\",\"@id\":\"https:\\\/\\\/schoolfood4change.eu\\\/es\\\/#\\\/schema\\\/logo\\\/image\\\/\",\"url\":\"https:\\\/\\\/schoolfood4change.eu\\\/es\\\/wp-content\\\/uploads\\\/sites\\\/13\\\/2022\\\/06\\\/schholfood.svg\",\"contentUrl\":\"https:\\\/\\\/schoolfood4change.eu\\\/es\\\/wp-content\\\/uploads\\\/sites\\\/13\\\/2022\\\/06\\\/schholfood.svg\",\"width\":273,\"height\":90,\"caption\":\"SchoolFood4Change ES\"},\"image\":{\"@id\":\"https:\\\/\\\/schoolfood4change.eu\\\/es\\\/#\\\/schema\\\/logo\\\/image\\\/\"}},{\"@type\":\"Person\",\"@id\":\"https:\\\/\\\/schoolfood4change.eu\\\/es\\\/#\\\/schema\\\/person\\\/110a533e548cd9d84cf378217b2a73b9\",\"name\":\"ividals\",\"image\":{\"@type\":\"ImageObject\",\"inLanguage\":\"es\",\"@id\":\"https:\\\/\\\/secure.gravatar.com\\\/avatar\\\/534d390fc4900f4128c89378c94fec883672e691d0d3bc990e78f22096786928?s=96&d=mm&r=g\",\"url\":\"https:\\\/\\\/secure.gravatar.com\\\/avatar\\\/534d390fc4900f4128c89378c94fec883672e691d0d3bc990e78f22096786928?s=96&d=mm&r=g\",\"contentUrl\":\"https:\\\/\\\/secure.gravatar.com\\\/avatar\\\/534d390fc4900f4128c89378c94fec883672e691d0d3bc990e78f22096786928?s=96&d=mm&r=g\",\"caption\":\"ividals\"},\"url\":\"https:\\\/\\\/schoolfood4change.eu\\\/es\\\/blog\\\/author\\\/ividals\\\/\"}]}<\/script>\n<!-- \/ Yoast SEO plugin. -->","yoast_head_json":{"title":"\u00bfPor qu\u00e9 aprendemos tan poco sobre alimentaci\u00f3n en la escuela? - SchoolFood4Change ES","description":"Relato del emocionante intercambio con Glenn Micallef, Comisario de Justicia Intergeneracional, Juventud, Cultura y Deporte de la UE, en la Comisi\u00f3n Europea en Bruselas. Estas reuniones entre j\u00f3venes, pol\u00edticos de alto nivel y expertos en el sistema alimentario han demostrado que el di\u00e1logo intergeneracional y la colaboraci\u00f3n entre distintos departamentos, m\u00e1s all\u00e1 de los partidos pol\u00edticos, son cruciales para garantizar que el alumnado reciba y sea educados sobre una nutrici\u00f3n adecuada, ahora y en el futuro.","robots":{"index":"index","follow":"follow","max-snippet":"max-snippet:-1","max-image-preview":"max-image-preview:large","max-video-preview":"max-video-preview:-1"},"canonical":"https:\/\/schoolfood4change.eu\/es\/blog\/2025\/03\/31\/por-que-aprendemos-tan-poco-sobre-alimentacion-en-la-escuela\/","og_locale":"es_ES","og_type":"article","og_title":"\u00bfPor qu\u00e9 aprendemos tan poco sobre alimentaci\u00f3n en la escuela? - SchoolFood4Change ES","og_description":"Relato del emocionante intercambio con Glenn Micallef, Comisario de Justicia Intergeneracional, Juventud, Cultura y Deporte de la UE, en la Comisi\u00f3n Europea en Bruselas. Estas reuniones entre j\u00f3venes, pol\u00edticos de alto nivel y expertos en el sistema alimentario han demostrado que el di\u00e1logo intergeneracional y la colaboraci\u00f3n entre distintos departamentos, m\u00e1s all\u00e1 de los partidos pol\u00edticos, son cruciales para garantizar que el alumnado reciba y sea educados sobre una nutrici\u00f3n adecuada, ahora y en el futuro.","og_url":"https:\/\/schoolfood4change.eu\/es\/blog\/2025\/03\/31\/por-que-aprendemos-tan-poco-sobre-alimentacion-en-la-escuela\/","og_site_name":"SchoolFood4Change ES","article_published_time":"2025-03-31T13:10:13+00:00","article_modified_time":"2025-03-31T13:53:39+00:00","og_image":[{"width":1024,"height":671,"url":"https:\/\/schoolfood4change.eu\/es\/wp-content\/uploads\/sites\/13\/2025\/03\/21March_Micallef-Meeting_group-1024x671-1.jpg","type":"image\/jpeg"}],"author":"ividals","twitter_card":"summary_large_image","twitter_misc":{"Escrito por":"ividals","Tiempo de lectura":"5 minutos"},"schema":{"@context":"https:\/\/schema.org","@graph":[{"@type":"Article","@id":"https:\/\/schoolfood4change.eu\/es\/blog\/2025\/03\/31\/por-que-aprendemos-tan-poco-sobre-alimentacion-en-la-escuela\/#article","isPartOf":{"@id":"https:\/\/schoolfood4change.eu\/es\/blog\/2025\/03\/31\/por-que-aprendemos-tan-poco-sobre-alimentacion-en-la-escuela\/"},"author":{"name":"ividals","@id":"https:\/\/schoolfood4change.eu\/es\/#\/schema\/person\/110a533e548cd9d84cf378217b2a73b9"},"headline":"\u00bfPor qu\u00e9 aprendemos tan poco sobre alimentaci\u00f3n en la escuela?","datePublished":"2025-03-31T13:10:13+00:00","dateModified":"2025-03-31T13:53:39+00:00","mainEntityOfPage":{"@id":"https:\/\/schoolfood4change.eu\/es\/blog\/2025\/03\/31\/por-que-aprendemos-tan-poco-sobre-alimentacion-en-la-escuela\/"},"wordCount":860,"publisher":{"@id":"https:\/\/schoolfood4change.eu\/es\/#organization"},"image":{"@id":"https:\/\/schoolfood4change.eu\/es\/blog\/2025\/03\/31\/por-que-aprendemos-tan-poco-sobre-alimentacion-en-la-escuela\/#primaryimage"},"thumbnailUrl":"https:\/\/schoolfood4change.eu\/es\/wp-content\/uploads\/sites\/13\/2025\/03\/21March_Micallef-Meeting_group-1024x671-1.jpg","articleSection":["Food","News"],"inLanguage":"es"},{"@type":"WebPage","@id":"https:\/\/schoolfood4change.eu\/es\/blog\/2025\/03\/31\/por-que-aprendemos-tan-poco-sobre-alimentacion-en-la-escuela\/","url":"https:\/\/schoolfood4change.eu\/es\/blog\/2025\/03\/31\/por-que-aprendemos-tan-poco-sobre-alimentacion-en-la-escuela\/","name":"\u00bfPor qu\u00e9 aprendemos tan poco sobre alimentaci\u00f3n en la escuela? - SchoolFood4Change ES","isPartOf":{"@id":"https:\/\/schoolfood4change.eu\/es\/#website"},"primaryImageOfPage":{"@id":"https:\/\/schoolfood4change.eu\/es\/blog\/2025\/03\/31\/por-que-aprendemos-tan-poco-sobre-alimentacion-en-la-escuela\/#primaryimage"},"image":{"@id":"https:\/\/schoolfood4change.eu\/es\/blog\/2025\/03\/31\/por-que-aprendemos-tan-poco-sobre-alimentacion-en-la-escuela\/#primaryimage"},"thumbnailUrl":"https:\/\/schoolfood4change.eu\/es\/wp-content\/uploads\/sites\/13\/2025\/03\/21March_Micallef-Meeting_group-1024x671-1.jpg","datePublished":"2025-03-31T13:10:13+00:00","dateModified":"2025-03-31T13:53:39+00:00","description":"Relato del emocionante intercambio con Glenn Micallef, Comisario de Justicia Intergeneracional, Juventud, Cultura y Deporte de la UE, en la Comisi\u00f3n Europea en Bruselas. Estas reuniones entre j\u00f3venes, pol\u00edticos de alto nivel y expertos en el sistema alimentario han demostrado que el di\u00e1logo intergeneracional y la colaboraci\u00f3n entre distintos departamentos, m\u00e1s all\u00e1 de los partidos pol\u00edticos, son cruciales para garantizar que el alumnado reciba y sea educados sobre una nutrici\u00f3n adecuada, ahora y en el futuro.","breadcrumb":{"@id":"https:\/\/schoolfood4change.eu\/es\/blog\/2025\/03\/31\/por-que-aprendemos-tan-poco-sobre-alimentacion-en-la-escuela\/#breadcrumb"},"inLanguage":"es","potentialAction":[{"@type":"ReadAction","target":["https:\/\/schoolfood4change.eu\/es\/blog\/2025\/03\/31\/por-que-aprendemos-tan-poco-sobre-alimentacion-en-la-escuela\/"]}]},{"@type":"ImageObject","inLanguage":"es","@id":"https:\/\/schoolfood4change.eu\/es\/blog\/2025\/03\/31\/por-que-aprendemos-tan-poco-sobre-alimentacion-en-la-escuela\/#primaryimage","url":"https:\/\/schoolfood4change.eu\/es\/wp-content\/uploads\/sites\/13\/2025\/03\/21March_Micallef-Meeting_group-1024x671-1.jpg","contentUrl":"https:\/\/schoolfood4change.eu\/es\/wp-content\/uploads\/sites\/13\/2025\/03\/21March_Micallef-Meeting_group-1024x671-1.jpg","width":1024,"height":671},{"@type":"BreadcrumbList","@id":"https:\/\/schoolfood4change.eu\/es\/blog\/2025\/03\/31\/por-que-aprendemos-tan-poco-sobre-alimentacion-en-la-escuela\/#breadcrumb","itemListElement":[{"@type":"ListItem","position":1,"name":"Home","item":"https:\/\/schoolfood4change.eu\/es\/"},{"@type":"ListItem","position":2,"name":"\u00bfPor qu\u00e9 aprendemos tan poco sobre alimentaci\u00f3n en la escuela?"}]},{"@type":"WebSite","@id":"https:\/\/schoolfood4change.eu\/es\/#website","url":"https:\/\/schoolfood4change.eu\/es\/","name":"SchoolFood4Change ES","description":"","publisher":{"@id":"https:\/\/schoolfood4change.eu\/es\/#organization"},"potentialAction":[{"@type":"SearchAction","target":{"@type":"EntryPoint","urlTemplate":"https:\/\/schoolfood4change.eu\/es\/?s={search_term_string}"},"query-input":{"@type":"PropertyValueSpecification","valueRequired":true,"valueName":"search_term_string"}}],"inLanguage":"es"},{"@type":"Organization","@id":"https:\/\/schoolfood4change.eu\/es\/#organization","name":"SchoolFood4Change ES","url":"https:\/\/schoolfood4change.eu\/es\/","logo":{"@type":"ImageObject","inLanguage":"es","@id":"https:\/\/schoolfood4change.eu\/es\/#\/schema\/logo\/image\/","url":"https:\/\/schoolfood4change.eu\/es\/wp-content\/uploads\/sites\/13\/2022\/06\/schholfood.svg","contentUrl":"https:\/\/schoolfood4change.eu\/es\/wp-content\/uploads\/sites\/13\/2022\/06\/schholfood.svg","width":273,"height":90,"caption":"SchoolFood4Change ES"},"image":{"@id":"https:\/\/schoolfood4change.eu\/es\/#\/schema\/logo\/image\/"}},{"@type":"Person","@id":"https:\/\/schoolfood4change.eu\/es\/#\/schema\/person\/110a533e548cd9d84cf378217b2a73b9","name":"ividals","image":{"@type":"ImageObject","inLanguage":"es","@id":"https:\/\/secure.gravatar.com\/avatar\/534d390fc4900f4128c89378c94fec883672e691d0d3bc990e78f22096786928?s=96&d=mm&r=g","url":"https:\/\/secure.gravatar.com\/avatar\/534d390fc4900f4128c89378c94fec883672e691d0d3bc990e78f22096786928?s=96&d=mm&r=g","contentUrl":"https:\/\/secure.gravatar.com\/avatar\/534d390fc4900f4128c89378c94fec883672e691d0d3bc990e78f22096786928?s=96&d=mm&r=g","caption":"ividals"},"url":"https:\/\/schoolfood4change.eu\/es\/blog\/author\/ividals\/"}]}},"_links":{"self":[{"href":"https:\/\/schoolfood4change.eu\/es\/wp-json\/wp\/v2\/posts\/4358","targetHints":{"allow":["GET"]}}],"collection":[{"href":"https:\/\/schoolfood4change.eu\/es\/wp-json\/wp\/v2\/posts"}],"about":[{"href":"https:\/\/schoolfood4change.eu\/es\/wp-json\/wp\/v2\/types\/post"}],"author":[{"embeddable":true,"href":"https:\/\/schoolfood4change.eu\/es\/wp-json\/wp\/v2\/users\/13"}],"replies":[{"embeddable":true,"href":"https:\/\/schoolfood4change.eu\/es\/wp-json\/wp\/v2\/comments?post=4358"}],"version-history":[{"count":4,"href":"https:\/\/schoolfood4change.eu\/es\/wp-json\/wp\/v2\/posts\/4358\/revisions"}],"predecessor-version":[{"id":4375,"href":"https:\/\/schoolfood4change.eu\/es\/wp-json\/wp\/v2\/posts\/4358\/revisions\/4375"}],"wp:featuredmedia":[{"embeddable":true,"href":"https:\/\/schoolfood4change.eu\/es\/wp-json\/wp\/v2\/media\/4371"}],"wp:attachment":[{"href":"https:\/\/schoolfood4change.eu\/es\/wp-json\/wp\/v2\/media?parent=4358"}],"wp:term":[{"taxonomy":"category","embeddable":true,"href":"https:\/\/schoolfood4change.eu\/es\/wp-json\/wp\/v2\/categories?post=4358"},{"taxonomy":"post_tag","embeddable":true,"href":"https:\/\/schoolfood4change.eu\/es\/wp-json\/wp\/v2\/tags?post=4358"}],"curies":[{"name":"wp","href":"https:\/\/api.w.org\/{rel}","templated":true}]}}