{"id":6329,"date":"2025-02-18T10:58:46","date_gmt":"2025-02-18T09:58:46","guid":{"rendered":"https:\/\/schoolfood4change.eu\/de\/?p=6329"},"modified":"2025-03-26T11:38:10","modified_gmt":"2025-03-26T10:38:10","slug":"schule-von-morgen-ernaehrung-von-heute-schoolfood4change-bei-schule-vision-2040-2","status":"publish","type":"post","link":"https:\/\/schoolfood4change.eu\/de\/blog\/2025\/02\/18\/schule-von-morgen-ernaehrung-von-heute-schoolfood4change-bei-schule-vision-2040-2\/","title":{"rendered":"Agrar\u00f6kologie in Essen: Wege zu einer nachhaltigen Ern\u00e4hrungswende"},"content":{"rendered":"\n<p class=\" eplus-wrapper\">Am <strong>Montag, den 17. Februar 2025<\/strong>, fand im eindrucksvollen Foyer des historischen <strong>Grillo-Theaters in Essen<\/strong> der <a href=\"https:\/\/exile-ev.de\/politischer-salon-essen\/\">Politische Salon <\/a>statt. Die Veranstaltung widmete sich der zentralen Frage: <strong>Wie ern\u00e4hrt uns die Welt in Zukunft?<\/strong> und beleuchtete dabei die Rolle der <strong>Agrar\u00f6kologie<\/strong> und deren L\u00f6sungen f\u00fcr die Herausforderungen der Gegenwart.<\/p>\n\n\n\n<h6 class=\" wp-block-heading eplus-wrapper\">SchoolFood4Change als Teil der Agrar\u00f6kologie<\/h6>\n\n\n\n<p class=\" eplus-wrapper\">Wir von <strong>SchoolFood4Change Essen<\/strong> hatten die Ehre, bei der Organisation und Durchf\u00fchrung dieser wichtigen Veranstaltung mitzuwirken. In einer Zeit, in der die <strong>Agrar- und Ern\u00e4hrungswende<\/strong> von entscheidender Bedeutung ist, wurden innovative und nachhaltige L\u00f6sungsans\u00e4tze diskutiert, die \u00f6kologische, kulturelle und soziale Aspekte vereinen. Der Politische Salon bot eine Plattform, um erfolgreiche Beispiele aus dem <strong>globalen S\u00fcden<\/strong> sowie aus St\u00e4dten wie <strong>Berlin<\/strong>, <strong>Dortmund<\/strong> und <strong>Essen<\/strong> vorzustellen.<\/p>\n\n\n\n<div class=\"wp-block-columns eplus-wrapper is-layout-flex wp-container-core-columns-is-layout-28f84493 wp-block-columns-is-layout-flex\">\n<div class=\"wp-block-column eplus-wrapper is-layout-flow wp-block-column-is-layout-flow\">\n<figure class=\"wp-block-gallery has-nested-images columns-default is-cropped eplus-wrapper wp-block-gallery-1\">\n<figure class=\" wp-block-image size-full eplus-wrapper\"><img loading=\"lazy\" decoding=\"async\" width=\"767\" height=\"534\" data-id=\"6331\" src=\"https:\/\/schoolfood4change.eu\/de\/wp-content\/uploads\/sites\/12\/2025\/03\/AdobeStock_751031710_Preview.jpeg\" alt=\"\" class=\"wp-image-6331\" srcset=\"https:\/\/schoolfood4change.eu\/de\/wp-content\/uploads\/sites\/12\/2025\/03\/AdobeStock_751031710_Preview.jpeg 767w, https:\/\/schoolfood4change.eu\/de\/wp-content\/uploads\/sites\/12\/2025\/03\/AdobeStock_751031710_Preview-300x209.jpeg 300w\" sizes=\"auto, (max-width: 767px) 100vw, 767px\" \/><\/figure>\n<\/figure>\n<\/div>\n\n\n\n<div class=\"wp-block-column eplus-wrapper is-layout-flow wp-block-column-is-layout-flow\">\n<h6 class=\" wp-block-heading eplus-wrapper\">Expert:innen im Gespr\u00e4ch<\/h6>\n\n\n\n<p class=\" eplus-wrapper\">Zahlreiche Expertinnen und Experten teilten ihre wertvollen Erkenntnisse und Erfahrungen mit dem Publikum. Dazu geh\u00f6rten unter anderem <strong>Jan Dreier<\/strong> von <strong><a href=\"https:\/\/www.fian.de\/\">FIAN K\u00f6ln<\/a><\/strong>, <strong>J\u00f6rg L\u00fclig<\/strong> vom <strong><a href=\"https:\/\/ernaehrungsrat-dortmund.de\/\">Ern\u00e4hrungsrat Dortmund<\/a><\/strong>, und <strong>Karin Schmidt<\/strong> vom<a href=\"https:\/\/www.ernaehrungsrat-essen.de\/\"> <strong>Ern\u00e4hrungsrat Essen e.V.<\/strong><\/a>.<\/p>\n<\/div>\n<\/div>\n\n\n\n<h6 class=\" wp-block-heading eplus-wrapper\">SchoolFood4Change: Ein ganzheitlicher Ansatz f\u00fcr nachhaltige Ern\u00e4hrung<\/h6>\n\n\n\n<p class=\" eplus-wrapper\">Im Mittelpunkt der Veranstaltung stand unser <strong>EU-Projekt SchoolFood4Change<\/strong>, das wir bereits an einigen Essener <strong>Schulen und Kitas<\/strong> erfolgreich umsetzen. Unser <strong>ganzheitlicher Ansatz<\/strong> spiegelt viele Prinzipien der <strong>Agrar\u00f6kologie wider<\/strong>: Er stellt nicht nur die Qualit\u00e4t der Lebensmittel in den Vordergrund, sondern f\u00f6rdert auch <strong>Bildung, Bewusstsein und praktische Erfahrungen<\/strong> in Bezug auf nachhaltige Ern\u00e4hrung f\u00fcr die gesamte Schulfamilie. Durch die Integration \u00f6kologischer, kultureller, sozialer und \u00f6konomischer Aspekte schaffen wir eine ganzheitliche Sicht auf Ern\u00e4hrung und regionale Landwirtschaft.<\/p>\n\n\n\n<h6 class=\" wp-block-heading eplus-wrapper\">Erfolgreicher Austausch und wertvolle Impulse<\/h6>\n\n\n\n<p class=\" eplus-wrapper\">Die Veranstaltung war ein gro\u00dfer Erfolg und gab wertvolle Impulse f\u00fcr die <strong>Arbeit im Ruhrgebiet<\/strong>. Besonders bereichernd war der Austausch mit unseren Partner:innen aus der <strong>Landwirtschaft<\/strong> und den <strong>Cateringunternehmen<\/strong>, die im Publikum waren und ihre Perspektiven einbrachten.<\/p>\n\n\n\n<h6 class=\" wp-block-heading eplus-wrapper\">Ausblick auf die Zukunft<\/h6>\n\n\n\n<p class=\" eplus-wrapper\">Die Veranstaltung war eine <strong>Fortf\u00fchrung des Dialogs der Gr\u00fcnen Hauptstadt Agentur der Stadt Essen zur Essener Ern\u00e4hrungsstrategie<\/strong>, bei dem Akteur:innen aus dem Ern\u00e4hrungsbereich zusammenkamen, um \u00fcber die wichtigen Ern\u00e4hrungsthemen in Essen zu diskutieren. Ziel dieser Gespr\u00e4che ist es, eine Ern\u00e4hrungsstrategie f\u00fcr die Stadt zu entwickeln, die die k\u00fcnftige Ausrichtung in der Ern\u00e4hrungswende in Essen bestimmt. Dem Treffen ging ein <strong>Webinar mit Ophelia Nick<\/strong> und <strong>Melanie Eva-Maria Speck<\/strong> voraus, bei dem es um die <strong>Ergebnisse des B\u00fcrgerrats<\/strong> und die <strong>bundesweite Ern\u00e4hrungsstrategie<\/strong> ging.<\/p>\n\n\n\n<div class=\"wp-block-buttons eplus-wrapper is-layout-flex wp-block-buttons-is-layout-flex\">\n<div class=\" wp-block-button eplus-wrapper\"><a class=\"wp-block-button__link wp-element-button\" href=\"https:\/\/schoolfood4change.eu\/de\/news\/\">Zur\u00fcck zum \u00dcberblick<\/a><\/div>\n<\/div>\n","protected":false},"excerpt":{"rendered":"<p>Beim Politischen Salon 2025 in Essen diskutierten Expert:innen und Akteur:innen aus dem Ern\u00e4hrungsbereich unterschiedliche Ans\u00e4tze f\u00fcr die Zukunft der Ern\u00e4hrung in der Stadt Essen.<\/p>\n","protected":false},"author":20,"featured_media":6330,"comment_status":"closed","ping_status":"closed","sticky":false,"template":"","format":"standard","meta":{"_acf_changed":false,"inline_featured_image":false,"editor_plus_copied_stylings":"{}","footnotes":""},"categories":[19],"tags":[126,110,100,125,114,124,101,112],"class_list":["post-6329","post","type-post","status-publish","format-standard","has-post-thumbnail","hentry","category-neuigkeiten","tag-bio","tag-caterer","tag-ernaehrungsbildung","tag-ernaehrungsstrategie","tag-essen","tag-essensangebot","tag-kita","tag-kochen"],"blocksy_meta":{"styles_descriptor":{"styles":{"desktop":"","tablet":"","mobile":""},"google_fonts":[],"version":6}},"acf":[],"yoast_head":"<!-- This site is optimized with the Yoast SEO plugin v27.5 - https:\/\/yoast.com\/product\/yoast-seo-wordpress\/ -->\n<title>Agrar\u00f6kologie in Essen: Wege zu einer nachhaltigen Ern\u00e4hrungswende - SchoolFood4Change DE<\/title>\n<meta name=\"description\" content=\"Am Politischen Salon 2025 in Essen diskutierten Expert:innen und Akteur:innen aus dem Ern\u00e4hrungsbereich die Zukunft der Ern\u00e4hrung.\" \/>\n<meta name=\"robots\" content=\"index, follow, max-snippet:-1, max-image-preview:large, max-video-preview:-1\" \/>\n<link rel=\"canonical\" href=\"https:\/\/schoolfood4change.eu\/de\/blog\/2025\/02\/18\/schule-von-morgen-ernaehrung-von-heute-schoolfood4change-bei-schule-vision-2040-2\/\" \/>\n<meta property=\"og:locale\" content=\"de_DE\" \/>\n<meta property=\"og:type\" content=\"article\" \/>\n<meta property=\"og:title\" content=\"Agrar\u00f6kologie in Essen: Wege zu einer nachhaltigen Ern\u00e4hrungswende - SchoolFood4Change DE\" \/>\n<meta property=\"og:description\" content=\"Am Politischen Salon 2025 in Essen diskutierten Expert:innen und Akteur:innen aus dem Ern\u00e4hrungsbereich die Zukunft der Ern\u00e4hrung.\" \/>\n<meta property=\"og:url\" content=\"https:\/\/schoolfood4change.eu\/de\/blog\/2025\/02\/18\/schule-von-morgen-ernaehrung-von-heute-schoolfood4change-bei-schule-vision-2040-2\/\" \/>\n<meta property=\"og:site_name\" content=\"SchoolFood4Change DE\" \/>\n<meta property=\"article:published_time\" content=\"2025-02-18T09:58:46+00:00\" \/>\n<meta property=\"article:modified_time\" content=\"2025-03-26T10:38:10+00:00\" \/>\n<meta property=\"og:image\" content=\"https:\/\/schoolfood4change.eu\/de\/wp-content\/uploads\/sites\/12\/2025\/03\/Image-1-3.jpg\" \/>\n\t<meta property=\"og:image:width\" content=\"2048\" \/>\n\t<meta property=\"og:image:height\" content=\"1152\" \/>\n\t<meta property=\"og:image:type\" content=\"image\/jpeg\" \/>\n<meta name=\"author\" content=\"absr\" \/>\n<meta name=\"twitter:card\" content=\"summary_large_image\" \/>\n<meta name=\"twitter:label1\" content=\"Verfasst von\" \/>\n\t<meta name=\"twitter:data1\" content=\"absr\" \/>\n\t<meta name=\"twitter:label2\" content=\"Gesch\u00e4tzte Lesezeit\" \/>\n\t<meta name=\"twitter:data2\" content=\"3\u00a0Minuten\" \/>\n<script type=\"application\/ld+json\" class=\"yoast-schema-graph\">{\"@context\":\"https:\\\/\\\/schema.org\",\"@graph\":[{\"@type\":\"Article\",\"@id\":\"https:\\\/\\\/schoolfood4change.eu\\\/de\\\/blog\\\/2025\\\/02\\\/18\\\/schule-von-morgen-ernaehrung-von-heute-schoolfood4change-bei-schule-vision-2040-2\\\/#article\",\"isPartOf\":{\"@id\":\"https:\\\/\\\/schoolfood4change.eu\\\/de\\\/blog\\\/2025\\\/02\\\/18\\\/schule-von-morgen-ernaehrung-von-heute-schoolfood4change-bei-schule-vision-2040-2\\\/\"},\"author\":{\"name\":\"absr\",\"@id\":\"https:\\\/\\\/schoolfood4change.eu\\\/de\\\/#\\\/schema\\\/person\\\/98ca6a6dd2ce8dd45976ccdbceb015c3\"},\"headline\":\"Agrar\u00f6kologie in Essen: Wege zu einer nachhaltigen Ern\u00e4hrungswende\",\"datePublished\":\"2025-02-18T09:58:46+00:00\",\"dateModified\":\"2025-03-26T10:38:10+00:00\",\"mainEntityOfPage\":{\"@id\":\"https:\\\/\\\/schoolfood4change.eu\\\/de\\\/blog\\\/2025\\\/02\\\/18\\\/schule-von-morgen-ernaehrung-von-heute-schoolfood4change-bei-schule-vision-2040-2\\\/\"},\"wordCount\":423,\"publisher\":{\"@id\":\"https:\\\/\\\/schoolfood4change.eu\\\/de\\\/#organization\"},\"image\":{\"@id\":\"https:\\\/\\\/schoolfood4change.eu\\\/de\\\/blog\\\/2025\\\/02\\\/18\\\/schule-von-morgen-ernaehrung-von-heute-schoolfood4change-bei-schule-vision-2040-2\\\/#primaryimage\"},\"thumbnailUrl\":\"https:\\\/\\\/schoolfood4change.eu\\\/de\\\/wp-content\\\/uploads\\\/sites\\\/12\\\/2025\\\/03\\\/Image-1-3.jpg\",\"keywords\":[\"Bio\",\"Caterer\",\"Ern\u00e4hrungsbildung\",\"Ern\u00e4hrungsstrategie\",\"Essen\",\"Essensangebot\",\"Kita\",\"Kochen\"],\"articleSection\":[\"Neuigkeiten\"],\"inLanguage\":\"de\"},{\"@type\":\"WebPage\",\"@id\":\"https:\\\/\\\/schoolfood4change.eu\\\/de\\\/blog\\\/2025\\\/02\\\/18\\\/schule-von-morgen-ernaehrung-von-heute-schoolfood4change-bei-schule-vision-2040-2\\\/\",\"url\":\"https:\\\/\\\/schoolfood4change.eu\\\/de\\\/blog\\\/2025\\\/02\\\/18\\\/schule-von-morgen-ernaehrung-von-heute-schoolfood4change-bei-schule-vision-2040-2\\\/\",\"name\":\"Agrar\u00f6kologie in Essen: Wege zu einer nachhaltigen Ern\u00e4hrungswende - SchoolFood4Change DE\",\"isPartOf\":{\"@id\":\"https:\\\/\\\/schoolfood4change.eu\\\/de\\\/#website\"},\"primaryImageOfPage\":{\"@id\":\"https:\\\/\\\/schoolfood4change.eu\\\/de\\\/blog\\\/2025\\\/02\\\/18\\\/schule-von-morgen-ernaehrung-von-heute-schoolfood4change-bei-schule-vision-2040-2\\\/#primaryimage\"},\"image\":{\"@id\":\"https:\\\/\\\/schoolfood4change.eu\\\/de\\\/blog\\\/2025\\\/02\\\/18\\\/schule-von-morgen-ernaehrung-von-heute-schoolfood4change-bei-schule-vision-2040-2\\\/#primaryimage\"},\"thumbnailUrl\":\"https:\\\/\\\/schoolfood4change.eu\\\/de\\\/wp-content\\\/uploads\\\/sites\\\/12\\\/2025\\\/03\\\/Image-1-3.jpg\",\"datePublished\":\"2025-02-18T09:58:46+00:00\",\"dateModified\":\"2025-03-26T10:38:10+00:00\",\"description\":\"Am Politischen Salon 2025 in Essen diskutierten Expert:innen und Akteur:innen aus dem Ern\u00e4hrungsbereich die Zukunft der Ern\u00e4hrung.\",\"breadcrumb\":{\"@id\":\"https:\\\/\\\/schoolfood4change.eu\\\/de\\\/blog\\\/2025\\\/02\\\/18\\\/schule-von-morgen-ernaehrung-von-heute-schoolfood4change-bei-schule-vision-2040-2\\\/#breadcrumb\"},\"inLanguage\":\"de\",\"potentialAction\":[{\"@type\":\"ReadAction\",\"target\":[\"https:\\\/\\\/schoolfood4change.eu\\\/de\\\/blog\\\/2025\\\/02\\\/18\\\/schule-von-morgen-ernaehrung-von-heute-schoolfood4change-bei-schule-vision-2040-2\\\/\"]}]},{\"@type\":\"ImageObject\",\"inLanguage\":\"de\",\"@id\":\"https:\\\/\\\/schoolfood4change.eu\\\/de\\\/blog\\\/2025\\\/02\\\/18\\\/schule-von-morgen-ernaehrung-von-heute-schoolfood4change-bei-schule-vision-2040-2\\\/#primaryimage\",\"url\":\"https:\\\/\\\/schoolfood4change.eu\\\/de\\\/wp-content\\\/uploads\\\/sites\\\/12\\\/2025\\\/03\\\/Image-1-3.jpg\",\"contentUrl\":\"https:\\\/\\\/schoolfood4change.eu\\\/de\\\/wp-content\\\/uploads\\\/sites\\\/12\\\/2025\\\/03\\\/Image-1-3.jpg\",\"width\":2048,\"height\":1152},{\"@type\":\"BreadcrumbList\",\"@id\":\"https:\\\/\\\/schoolfood4change.eu\\\/de\\\/blog\\\/2025\\\/02\\\/18\\\/schule-von-morgen-ernaehrung-von-heute-schoolfood4change-bei-schule-vision-2040-2\\\/#breadcrumb\",\"itemListElement\":[{\"@type\":\"ListItem\",\"position\":1,\"name\":\"Home\",\"item\":\"https:\\\/\\\/schoolfood4change.eu\\\/de\\\/\"},{\"@type\":\"ListItem\",\"position\":2,\"name\":\"Agrar\u00f6kologie in Essen: Wege zu einer nachhaltigen Ern\u00e4hrungswende\"}]},{\"@type\":\"WebSite\",\"@id\":\"https:\\\/\\\/schoolfood4change.eu\\\/de\\\/#website\",\"url\":\"https:\\\/\\\/schoolfood4change.eu\\\/de\\\/\",\"name\":\"SchoolFood4Change DE\",\"description\":\"\",\"publisher\":{\"@id\":\"https:\\\/\\\/schoolfood4change.eu\\\/de\\\/#organization\"},\"potentialAction\":[{\"@type\":\"SearchAction\",\"target\":{\"@type\":\"EntryPoint\",\"urlTemplate\":\"https:\\\/\\\/schoolfood4change.eu\\\/de\\\/?s={search_term_string}\"},\"query-input\":{\"@type\":\"PropertyValueSpecification\",\"valueRequired\":true,\"valueName\":\"search_term_string\"}}],\"inLanguage\":\"de\"},{\"@type\":\"Organization\",\"@id\":\"https:\\\/\\\/schoolfood4change.eu\\\/de\\\/#organization\",\"name\":\"SchoolFood4Change DE\",\"url\":\"https:\\\/\\\/schoolfood4change.eu\\\/de\\\/\",\"logo\":{\"@type\":\"ImageObject\",\"inLanguage\":\"de\",\"@id\":\"https:\\\/\\\/schoolfood4change.eu\\\/de\\\/#\\\/schema\\\/logo\\\/image\\\/\",\"url\":\"https:\\\/\\\/schoolfood4change.eu\\\/de\\\/wp-content\\\/uploads\\\/sites\\\/12\\\/2022\\\/06\\\/schholfood.svg\",\"contentUrl\":\"https:\\\/\\\/schoolfood4change.eu\\\/de\\\/wp-content\\\/uploads\\\/sites\\\/12\\\/2022\\\/06\\\/schholfood.svg\",\"width\":273,\"height\":90,\"caption\":\"SchoolFood4Change DE\"},\"image\":{\"@id\":\"https:\\\/\\\/schoolfood4change.eu\\\/de\\\/#\\\/schema\\\/logo\\\/image\\\/\"}},{\"@type\":\"Person\",\"@id\":\"https:\\\/\\\/schoolfood4change.eu\\\/de\\\/#\\\/schema\\\/person\\\/98ca6a6dd2ce8dd45976ccdbceb015c3\",\"name\":\"absr\",\"image\":{\"@type\":\"ImageObject\",\"inLanguage\":\"de\",\"@id\":\"https:\\\/\\\/secure.gravatar.com\\\/avatar\\\/5b71f8a7cb2d779c1c208db55c33d9d52951c88fc63c7664a3fd893f90f556d5?s=96&d=mm&r=g\",\"url\":\"https:\\\/\\\/secure.gravatar.com\\\/avatar\\\/5b71f8a7cb2d779c1c208db55c33d9d52951c88fc63c7664a3fd893f90f556d5?s=96&d=mm&r=g\",\"contentUrl\":\"https:\\\/\\\/secure.gravatar.com\\\/avatar\\\/5b71f8a7cb2d779c1c208db55c33d9d52951c88fc63c7664a3fd893f90f556d5?s=96&d=mm&r=g\",\"caption\":\"absr\"},\"url\":\"https:\\\/\\\/schoolfood4change.eu\\\/de\\\/blog\\\/author\\\/absr\\\/\"}]}<\/script>\n<!-- \/ Yoast SEO plugin. -->","yoast_head_json":{"title":"Agrar\u00f6kologie in Essen: Wege zu einer nachhaltigen Ern\u00e4hrungswende - SchoolFood4Change DE","description":"Am Politischen Salon 2025 in Essen diskutierten Expert:innen und Akteur:innen aus dem Ern\u00e4hrungsbereich die Zukunft der Ern\u00e4hrung.","robots":{"index":"index","follow":"follow","max-snippet":"max-snippet:-1","max-image-preview":"max-image-preview:large","max-video-preview":"max-video-preview:-1"},"canonical":"https:\/\/schoolfood4change.eu\/de\/blog\/2025\/02\/18\/schule-von-morgen-ernaehrung-von-heute-schoolfood4change-bei-schule-vision-2040-2\/","og_locale":"de_DE","og_type":"article","og_title":"Agrar\u00f6kologie in Essen: Wege zu einer nachhaltigen Ern\u00e4hrungswende - SchoolFood4Change DE","og_description":"Am Politischen Salon 2025 in Essen diskutierten Expert:innen und Akteur:innen aus dem Ern\u00e4hrungsbereich die Zukunft der Ern\u00e4hrung.","og_url":"https:\/\/schoolfood4change.eu\/de\/blog\/2025\/02\/18\/schule-von-morgen-ernaehrung-von-heute-schoolfood4change-bei-schule-vision-2040-2\/","og_site_name":"SchoolFood4Change DE","article_published_time":"2025-02-18T09:58:46+00:00","article_modified_time":"2025-03-26T10:38:10+00:00","og_image":[{"width":2048,"height":1152,"url":"https:\/\/schoolfood4change.eu\/de\/wp-content\/uploads\/sites\/12\/2025\/03\/Image-1-3.jpg","type":"image\/jpeg"}],"author":"absr","twitter_card":"summary_large_image","twitter_misc":{"Verfasst von":"absr","Gesch\u00e4tzte Lesezeit":"3\u00a0Minuten"},"schema":{"@context":"https:\/\/schema.org","@graph":[{"@type":"Article","@id":"https:\/\/schoolfood4change.eu\/de\/blog\/2025\/02\/18\/schule-von-morgen-ernaehrung-von-heute-schoolfood4change-bei-schule-vision-2040-2\/#article","isPartOf":{"@id":"https:\/\/schoolfood4change.eu\/de\/blog\/2025\/02\/18\/schule-von-morgen-ernaehrung-von-heute-schoolfood4change-bei-schule-vision-2040-2\/"},"author":{"name":"absr","@id":"https:\/\/schoolfood4change.eu\/de\/#\/schema\/person\/98ca6a6dd2ce8dd45976ccdbceb015c3"},"headline":"Agrar\u00f6kologie in Essen: Wege zu einer nachhaltigen Ern\u00e4hrungswende","datePublished":"2025-02-18T09:58:46+00:00","dateModified":"2025-03-26T10:38:10+00:00","mainEntityOfPage":{"@id":"https:\/\/schoolfood4change.eu\/de\/blog\/2025\/02\/18\/schule-von-morgen-ernaehrung-von-heute-schoolfood4change-bei-schule-vision-2040-2\/"},"wordCount":423,"publisher":{"@id":"https:\/\/schoolfood4change.eu\/de\/#organization"},"image":{"@id":"https:\/\/schoolfood4change.eu\/de\/blog\/2025\/02\/18\/schule-von-morgen-ernaehrung-von-heute-schoolfood4change-bei-schule-vision-2040-2\/#primaryimage"},"thumbnailUrl":"https:\/\/schoolfood4change.eu\/de\/wp-content\/uploads\/sites\/12\/2025\/03\/Image-1-3.jpg","keywords":["Bio","Caterer","Ern\u00e4hrungsbildung","Ern\u00e4hrungsstrategie","Essen","Essensangebot","Kita","Kochen"],"articleSection":["Neuigkeiten"],"inLanguage":"de"},{"@type":"WebPage","@id":"https:\/\/schoolfood4change.eu\/de\/blog\/2025\/02\/18\/schule-von-morgen-ernaehrung-von-heute-schoolfood4change-bei-schule-vision-2040-2\/","url":"https:\/\/schoolfood4change.eu\/de\/blog\/2025\/02\/18\/schule-von-morgen-ernaehrung-von-heute-schoolfood4change-bei-schule-vision-2040-2\/","name":"Agrar\u00f6kologie in Essen: Wege zu einer nachhaltigen Ern\u00e4hrungswende - SchoolFood4Change DE","isPartOf":{"@id":"https:\/\/schoolfood4change.eu\/de\/#website"},"primaryImageOfPage":{"@id":"https:\/\/schoolfood4change.eu\/de\/blog\/2025\/02\/18\/schule-von-morgen-ernaehrung-von-heute-schoolfood4change-bei-schule-vision-2040-2\/#primaryimage"},"image":{"@id":"https:\/\/schoolfood4change.eu\/de\/blog\/2025\/02\/18\/schule-von-morgen-ernaehrung-von-heute-schoolfood4change-bei-schule-vision-2040-2\/#primaryimage"},"thumbnailUrl":"https:\/\/schoolfood4change.eu\/de\/wp-content\/uploads\/sites\/12\/2025\/03\/Image-1-3.jpg","datePublished":"2025-02-18T09:58:46+00:00","dateModified":"2025-03-26T10:38:10+00:00","description":"Am Politischen Salon 2025 in Essen diskutierten Expert:innen und Akteur:innen aus dem Ern\u00e4hrungsbereich die Zukunft der Ern\u00e4hrung.","breadcrumb":{"@id":"https:\/\/schoolfood4change.eu\/de\/blog\/2025\/02\/18\/schule-von-morgen-ernaehrung-von-heute-schoolfood4change-bei-schule-vision-2040-2\/#breadcrumb"},"inLanguage":"de","potentialAction":[{"@type":"ReadAction","target":["https:\/\/schoolfood4change.eu\/de\/blog\/2025\/02\/18\/schule-von-morgen-ernaehrung-von-heute-schoolfood4change-bei-schule-vision-2040-2\/"]}]},{"@type":"ImageObject","inLanguage":"de","@id":"https:\/\/schoolfood4change.eu\/de\/blog\/2025\/02\/18\/schule-von-morgen-ernaehrung-von-heute-schoolfood4change-bei-schule-vision-2040-2\/#primaryimage","url":"https:\/\/schoolfood4change.eu\/de\/wp-content\/uploads\/sites\/12\/2025\/03\/Image-1-3.jpg","contentUrl":"https:\/\/schoolfood4change.eu\/de\/wp-content\/uploads\/sites\/12\/2025\/03\/Image-1-3.jpg","width":2048,"height":1152},{"@type":"BreadcrumbList","@id":"https:\/\/schoolfood4change.eu\/de\/blog\/2025\/02\/18\/schule-von-morgen-ernaehrung-von-heute-schoolfood4change-bei-schule-vision-2040-2\/#breadcrumb","itemListElement":[{"@type":"ListItem","position":1,"name":"Home","item":"https:\/\/schoolfood4change.eu\/de\/"},{"@type":"ListItem","position":2,"name":"Agrar\u00f6kologie in Essen: Wege zu einer nachhaltigen Ern\u00e4hrungswende"}]},{"@type":"WebSite","@id":"https:\/\/schoolfood4change.eu\/de\/#website","url":"https:\/\/schoolfood4change.eu\/de\/","name":"SchoolFood4Change DE","description":"","publisher":{"@id":"https:\/\/schoolfood4change.eu\/de\/#organization"},"potentialAction":[{"@type":"SearchAction","target":{"@type":"EntryPoint","urlTemplate":"https:\/\/schoolfood4change.eu\/de\/?s={search_term_string}"},"query-input":{"@type":"PropertyValueSpecification","valueRequired":true,"valueName":"search_term_string"}}],"inLanguage":"de"},{"@type":"Organization","@id":"https:\/\/schoolfood4change.eu\/de\/#organization","name":"SchoolFood4Change DE","url":"https:\/\/schoolfood4change.eu\/de\/","logo":{"@type":"ImageObject","inLanguage":"de","@id":"https:\/\/schoolfood4change.eu\/de\/#\/schema\/logo\/image\/","url":"https:\/\/schoolfood4change.eu\/de\/wp-content\/uploads\/sites\/12\/2022\/06\/schholfood.svg","contentUrl":"https:\/\/schoolfood4change.eu\/de\/wp-content\/uploads\/sites\/12\/2022\/06\/schholfood.svg","width":273,"height":90,"caption":"SchoolFood4Change DE"},"image":{"@id":"https:\/\/schoolfood4change.eu\/de\/#\/schema\/logo\/image\/"}},{"@type":"Person","@id":"https:\/\/schoolfood4change.eu\/de\/#\/schema\/person\/98ca6a6dd2ce8dd45976ccdbceb015c3","name":"absr","image":{"@type":"ImageObject","inLanguage":"de","@id":"https:\/\/secure.gravatar.com\/avatar\/5b71f8a7cb2d779c1c208db55c33d9d52951c88fc63c7664a3fd893f90f556d5?s=96&d=mm&r=g","url":"https:\/\/secure.gravatar.com\/avatar\/5b71f8a7cb2d779c1c208db55c33d9d52951c88fc63c7664a3fd893f90f556d5?s=96&d=mm&r=g","contentUrl":"https:\/\/secure.gravatar.com\/avatar\/5b71f8a7cb2d779c1c208db55c33d9d52951c88fc63c7664a3fd893f90f556d5?s=96&d=mm&r=g","caption":"absr"},"url":"https:\/\/schoolfood4change.eu\/de\/blog\/author\/absr\/"}]}},"_links":{"self":[{"href":"https:\/\/schoolfood4change.eu\/de\/wp-json\/wp\/v2\/posts\/6329","targetHints":{"allow":["GET"]}}],"collection":[{"href":"https:\/\/schoolfood4change.eu\/de\/wp-json\/wp\/v2\/posts"}],"about":[{"href":"https:\/\/schoolfood4change.eu\/de\/wp-json\/wp\/v2\/types\/post"}],"author":[{"embeddable":true,"href":"https:\/\/schoolfood4change.eu\/de\/wp-json\/wp\/v2\/users\/20"}],"replies":[{"embeddable":true,"href":"https:\/\/schoolfood4change.eu\/de\/wp-json\/wp\/v2\/comments?post=6329"}],"version-history":[{"count":11,"href":"https:\/\/schoolfood4change.eu\/de\/wp-json\/wp\/v2\/posts\/6329\/revisions"}],"predecessor-version":[{"id":6344,"href":"https:\/\/schoolfood4change.eu\/de\/wp-json\/wp\/v2\/posts\/6329\/revisions\/6344"}],"wp:featuredmedia":[{"embeddable":true,"href":"https:\/\/schoolfood4change.eu\/de\/wp-json\/wp\/v2\/media\/6330"}],"wp:attachment":[{"href":"https:\/\/schoolfood4change.eu\/de\/wp-json\/wp\/v2\/media?parent=6329"}],"wp:term":[{"taxonomy":"category","embeddable":true,"href":"https:\/\/schoolfood4change.eu\/de\/wp-json\/wp\/v2\/categories?post=6329"},{"taxonomy":"post_tag","embeddable":true,"href":"https:\/\/schoolfood4change.eu\/de\/wp-json\/wp\/v2\/tags?post=6329"}],"curies":[{"name":"wp","href":"https:\/\/api.w.org\/{rel}","templated":true}]}}