{"id":5743,"date":"2024-04-15T17:08:38","date_gmt":"2024-04-15T15:08:38","guid":{"rendered":"https:\/\/schoolfood4change.eu\/de\/?p=5743"},"modified":"2024-06-04T19:45:18","modified_gmt":"2024-06-04T17:45:18","slug":"kantine-neu-gedacht","status":"publish","type":"post","link":"https:\/\/schoolfood4change.eu\/de\/blog\/2024\/04\/15\/kantine-neu-gedacht\/","title":{"rendered":"SchoolFood4Change Wien bei ZDF plan b"},"content":{"rendered":"\n<h5 class=\" wp-block-heading eplus-wrapper\">Kantine neu gedacht &#8211; wir mittags besser essen<\/h5>\n\n\n\n<p class=\" eplus-wrapper\">Die Dokumentation von Katarina Schickling pr\u00e4sentiert zwei Projekte, in Wien und in Berlin, die zeigen sollen, wie \u201eKantine neu gedacht\u201c werden kann: mit Mahlzeiten, die den Menschen schmecken, gesund sind und gleichzeitig nachhaltig und gut f\u00fcr das Klima sind.<\/p>\n\n\n\n<p class=\" eplus-wrapper\"><strong>\u201eIch glaube, dass wir alle eine gewisse Verantwortung tragen, einen Beitrag zu leisten, damit einerseits die junge Generation ein Bewusstsein f\u00fcr nachhaltige, und klimafreundliche Ern\u00e4hrung bekommt.\u201c<\/strong><\/p>\n\n\n\n<div class=\"eplus-wrapper wp-block-buttons is-layout-flex wp-block-buttons-is-layout-flex\">\n<div class=\"eplus-wrapper wp-block-button\"><a class=\"wp-block-button__link wp-element-button\" href=\"https:\/\/www.zdf.de\/gesellschaft\/plan-b\/plan-b-kantine-neu-gedacht-100.html\">Hier geht&#8217;s zur ZDF Doku<\/a><\/div>\n<\/div>\n\n\n\n<p class=\" eplus-wrapper\">\u201eKantine neu gedacht\u201c zeigt die Umsetzung des EU-Projekts School Food 4 Change (SF4C) Projekts in Wien. In der Volksschule Halirschgasse stehen nun im Rahmen des Projekts einige Ma\u00dfnahmen auf dem Stundenplan. Dabei wird das Bewusstsein f\u00fcr nachhaltige, umweltfreundliche und gesunde Ern\u00e4hrung gest\u00e4rkt. In den vom Verein &#8222;<a href=\"https:\/\/danachda.com\/\">Danachda &#8211; Bildung f\u00fcr Nachhaltigkeit<\/a>&#8220; organisierten Workshops, bei denen die Kinder selbst kochen d\u00fcrfen, lernen sie Zutaten und Gerichte kennen, die ihren Horizont erweitern sollen. \u201eIch finde das 10 von 10\u201c, sagt ein Kind zu dem selbst gemachten veganen Wrap, das zu Beginn des Workshops noch von \u201eOhne vegan ist besser &#8211; kein vegan!\u201c \u00fcberzeugt ist. Doch nicht nur die Kinder, auch die Erwachsenen lernen im Zuge des Projekts. Danachda bildet das Lehrpersonal und die Freizeitp\u00e4dagog:innen in Sachen Ern\u00e4hrung weiter, schlie\u00dflich sollen diese in Zukunft einen st\u00e4rkeren Fokus auf die Ern\u00e4hrungsbildung \u00fcbernehmen. \u201eIch glaube, dass wir alle eine gewisse Verantwortung tragen, einen Beitrag zu leisten, damit einerseits die junge Generation ein Bewusstsein f\u00fcr nachhaltige, und klimafreundliche Ern\u00e4hrung bekommt\u201c, sagt Bettina El-Ansari-Girakhoo, die Direktorin der Schule.<\/p>\n\n\n\n<p class=\" eplus-wrapper\">Momentan essen \u00fcber 100.000 Kinder in Wien in den Schulen klimafreundlich, aber es sollen noch mehr werden. \u201eDurch SF4C soll sich eine ganzheitliche Lebensmittel- und Ern\u00e4hrungskultur an den Schulen etablieren\u201c, sagt Julia Haas, Koordinatorin des Projekts in der Stadt Wien. Dazu geh\u00f6rt auch die Zusammenarbeit mit Anbietern von Mahlzeiten in den Wiener Schulen und den Lebensmittelproduzenten, mit dem Ziel, den CO2-Abdruck von Speisen zu reduzieren. Dies wird erreicht durch verst\u00e4rkt pflanzlich basierte Ern\u00e4hrung und den regionalen Bezug von Lebensmitteln. Die Stadt Wien sorgt mit dem \u00d6koKauf-Programm schon seit \u00fcber 25 Jahren daf\u00fcr, dass heimische Bioh\u00f6fe ihre Erzeugnisse besser vermarkten k\u00f6nnen. &nbsp; <\/p>\n\n\n\n<p class=\" eplus-wrapper\"><strong>\u201eEs muss das geilste Gericht am Tag sein\u201c<\/strong><\/p>\n\n\n\n<p class=\" eplus-wrapper\">Das Projekt \u201eKantine Zukunft\u201c in Berlin unterst\u00fctzt den Plan des Berliner Senats, Essen in \u00f6ffentlichen Einreichungen nachhaltiger und besser machen, ohne dass es teurer wird.<\/p>\n\n\n\n<p class=\" eplus-wrapper\">Die Dokumentation folgt Mich\u00e9l Engling, Gruppenleiter Betriebsrestaurants der Berliner Verkehrsbetriebe (BVG), in seinem Arbeitsalltag &#8211; von der Beschaffung zur Produktion. Engling ist bem\u00fcht, weniger Fleisch in den Kantinen anzubieten und entdeckt in den Workshops der Kantine Zukunft regelm\u00e4\u00dfig neue Rezeptideen. Mittlerweile sind 6 von 10 seiner Gerichte vegan oder vegetarisch. Dabei ist es ihm wichtig, seinen G\u00e4sten genau zu sagen, was in seinen Gerichten ist, und sie nicht auszutricksen. Sie sollen selbst erkennen, dass Essen ohne Fleisch abwechslungsreich und lecker ist. Das erreicht er, indem er daf\u00fcr sorgt, dass das vegetarische Gericht \u201edas geilste Gericht am Tag\u201c ist.<\/p>\n\n\n\n<p class=\" eplus-wrapper\">Die BVG sind bem\u00fcht, in ihren Kantinen regionale und saisonale Lebensmittel zu fairen Preisen anzubieten und ihren Kunden und Kundinnen attraktive Gerichte zu servieren. Dazu geh\u00f6rt auch die Suche nach neuen regionalen Partnern um von kleinen Betrieben frische, nachhaltig produzierte Ware zu erhalten. Die Arbeit der Kantine Zukunft setzt auf Synergieeffekte. Je mehr Kantinen sich anschlie\u00dfen, desto mehr H\u00f6fe werden ermutigt, auf Bio umzusteigen. Die Vision f\u00fcr die n\u00e4chsten Jahre ist es, 100% der Zutaten auf regional umzustellen und das, was nicht regional gekauft werden kann, von Bio-H\u00f6fen zu beziehen.<\/p>\n\n\n\n<p class=\" eplus-wrapper\"><em>Die Dokumentation \u201eplan b: Kantine neu gedacht- wie wir mittags besser essen\u201c wurde am 13. April im ZDF ausgestrahlt und ist bis 2026 in der ZDFmediathek verf\u00fcgbar.<\/em><\/p>\n\n\n\n<div class=\"wp-block-columns eplus-wrapper is-layout-flex wp-container-core-columns-is-layout-28f84493 wp-block-columns-is-layout-flex\">\n<div class=\"wp-block-column eplus-wrapper is-layout-flow wp-block-column-is-layout-flow\"><\/div>\n<\/div>\n\n\n\n<div class=\"wp-block-columns eplus-wrapper is-layout-flex wp-container-core-columns-is-layout-28f84493 wp-block-columns-is-layout-flex\">\n<div class=\"wp-block-column eplus-wrapper is-layout-flow wp-block-column-is-layout-flow\"><\/div>\n\n\n\n<div class=\"wp-block-column eplus-wrapper is-layout-flow wp-block-column-is-layout-flow\"><\/div>\n<\/div>\n\n\n\n<div class=\"wp-block-buttons eplus-wrapper is-layout-flex wp-block-buttons-is-layout-flex\">\n<div class=\" wp-block-button eplus-wrapper\"><a class=\"wp-block-button__link wp-element-button\" href=\"https:\/\/schoolfood4change.eu\/de\/news\/\">Zur\u00fcck zum \u00dcberblick<\/a><\/div>\n<\/div>\n","protected":false},"excerpt":{"rendered":"<p>Im Rahmen der aktuellen ZDP Plan B Doku &#8222;Kantine neu gedacht&#8220; erhaltet ihr einen Einblick in unsere Projektarbeit in Wien. <\/p>\n","protected":false},"author":24,"featured_media":5769,"comment_status":"closed","ping_status":"closed","sticky":false,"template":"","format":"standard","meta":{"_acf_changed":false,"inline_featured_image":false,"editor_plus_copied_stylings":"{}","footnotes":""},"categories":[19],"tags":[108,107,103,109,106],"class_list":["post-5743","post","type-post","status-publish","format-standard","has-post-thumbnail","hentry","category-neuigkeiten","tag-doku","tag-presse","tag-wholeschoolfoodapproach","tag-wien","tag-zdf"],"blocksy_meta":{"styles_descriptor":{"styles":{"desktop":"","tablet":"","mobile":""},"google_fonts":[],"version":6}},"acf":[],"yoast_head":"<!-- This site is optimized with the Yoast SEO plugin v27.4 - https:\/\/yoast.com\/product\/yoast-seo-wordpress\/ -->\n<title>SchoolFood4Change Wien bei ZDF plan b - SchoolFood4Change DE<\/title>\n<meta name=\"description\" content=\"SchoolFood4Change startet in die praktische Zusammenarbeit mit Schulcaterern aus N\u00fcrnberg und Essen\" \/>\n<meta name=\"robots\" content=\"index, follow, max-snippet:-1, max-image-preview:large, max-video-preview:-1\" \/>\n<link rel=\"canonical\" href=\"https:\/\/schoolfood4change.eu\/de\/blog\/2024\/04\/15\/kantine-neu-gedacht\/\" \/>\n<meta property=\"og:locale\" content=\"de_DE\" \/>\n<meta property=\"og:type\" content=\"article\" \/>\n<meta property=\"og:title\" content=\"SchoolFood4Change Wien bei ZDF plan b - SchoolFood4Change DE\" \/>\n<meta property=\"og:description\" content=\"SchoolFood4Change startet in die praktische Zusammenarbeit mit Schulcaterern aus N\u00fcrnberg und Essen\" \/>\n<meta property=\"og:url\" content=\"https:\/\/schoolfood4change.eu\/de\/blog\/2024\/04\/15\/kantine-neu-gedacht\/\" \/>\n<meta property=\"og:site_name\" content=\"SchoolFood4Change DE\" \/>\n<meta property=\"article:published_time\" content=\"2024-04-15T15:08:38+00:00\" \/>\n<meta property=\"article:modified_time\" content=\"2024-06-04T17:45:18+00:00\" \/>\n<meta property=\"og:image\" content=\"https:\/\/schoolfood4change.eu\/de\/wp-content\/uploads\/sites\/12\/2024\/04\/Screenshot-2024-06-04-173321.png\" \/>\n\t<meta property=\"og:image:width\" content=\"1139\" \/>\n\t<meta property=\"og:image:height\" content=\"638\" \/>\n\t<meta property=\"og:image:type\" content=\"image\/png\" \/>\n<meta name=\"author\" content=\"jhaas\" \/>\n<meta name=\"twitter:card\" content=\"summary_large_image\" \/>\n<meta name=\"twitter:label1\" content=\"Verfasst von\" \/>\n\t<meta name=\"twitter:data1\" content=\"jhaas\" \/>\n\t<meta name=\"twitter:label2\" content=\"Gesch\u00e4tzte Lesezeit\" \/>\n\t<meta name=\"twitter:data2\" content=\"4\u00a0Minuten\" \/>\n<script type=\"application\/ld+json\" class=\"yoast-schema-graph\">{\"@context\":\"https:\\\/\\\/schema.org\",\"@graph\":[{\"@type\":\"Article\",\"@id\":\"https:\\\/\\\/schoolfood4change.eu\\\/de\\\/blog\\\/2024\\\/04\\\/15\\\/kantine-neu-gedacht\\\/#article\",\"isPartOf\":{\"@id\":\"https:\\\/\\\/schoolfood4change.eu\\\/de\\\/blog\\\/2024\\\/04\\\/15\\\/kantine-neu-gedacht\\\/\"},\"author\":{\"name\":\"jhaas\",\"@id\":\"https:\\\/\\\/schoolfood4change.eu\\\/de\\\/#\\\/schema\\\/person\\\/32ece097852a50d2a0b1fb5d1ba02ea0\"},\"headline\":\"SchoolFood4Change Wien bei ZDF plan b\",\"datePublished\":\"2024-04-15T15:08:38+00:00\",\"dateModified\":\"2024-06-04T17:45:18+00:00\",\"mainEntityOfPage\":{\"@id\":\"https:\\\/\\\/schoolfood4change.eu\\\/de\\\/blog\\\/2024\\\/04\\\/15\\\/kantine-neu-gedacht\\\/\"},\"wordCount\":642,\"publisher\":{\"@id\":\"https:\\\/\\\/schoolfood4change.eu\\\/de\\\/#organization\"},\"image\":{\"@id\":\"https:\\\/\\\/schoolfood4change.eu\\\/de\\\/blog\\\/2024\\\/04\\\/15\\\/kantine-neu-gedacht\\\/#primaryimage\"},\"thumbnailUrl\":\"https:\\\/\\\/schoolfood4change.eu\\\/de\\\/wp-content\\\/uploads\\\/sites\\\/12\\\/2024\\\/04\\\/Screenshot-2024-06-04-173321.png\",\"keywords\":[\"Doku\",\"Presse\",\"WholeSchoolFoodApproach\",\"Wien\",\"ZDF\"],\"articleSection\":[\"Neuigkeiten\"],\"inLanguage\":\"de\"},{\"@type\":\"WebPage\",\"@id\":\"https:\\\/\\\/schoolfood4change.eu\\\/de\\\/blog\\\/2024\\\/04\\\/15\\\/kantine-neu-gedacht\\\/\",\"url\":\"https:\\\/\\\/schoolfood4change.eu\\\/de\\\/blog\\\/2024\\\/04\\\/15\\\/kantine-neu-gedacht\\\/\",\"name\":\"SchoolFood4Change Wien bei ZDF plan b - SchoolFood4Change DE\",\"isPartOf\":{\"@id\":\"https:\\\/\\\/schoolfood4change.eu\\\/de\\\/#website\"},\"primaryImageOfPage\":{\"@id\":\"https:\\\/\\\/schoolfood4change.eu\\\/de\\\/blog\\\/2024\\\/04\\\/15\\\/kantine-neu-gedacht\\\/#primaryimage\"},\"image\":{\"@id\":\"https:\\\/\\\/schoolfood4change.eu\\\/de\\\/blog\\\/2024\\\/04\\\/15\\\/kantine-neu-gedacht\\\/#primaryimage\"},\"thumbnailUrl\":\"https:\\\/\\\/schoolfood4change.eu\\\/de\\\/wp-content\\\/uploads\\\/sites\\\/12\\\/2024\\\/04\\\/Screenshot-2024-06-04-173321.png\",\"datePublished\":\"2024-04-15T15:08:38+00:00\",\"dateModified\":\"2024-06-04T17:45:18+00:00\",\"description\":\"SchoolFood4Change startet in die praktische Zusammenarbeit mit Schulcaterern aus N\u00fcrnberg und Essen\",\"breadcrumb\":{\"@id\":\"https:\\\/\\\/schoolfood4change.eu\\\/de\\\/blog\\\/2024\\\/04\\\/15\\\/kantine-neu-gedacht\\\/#breadcrumb\"},\"inLanguage\":\"de\",\"potentialAction\":[{\"@type\":\"ReadAction\",\"target\":[\"https:\\\/\\\/schoolfood4change.eu\\\/de\\\/blog\\\/2024\\\/04\\\/15\\\/kantine-neu-gedacht\\\/\"]}]},{\"@type\":\"ImageObject\",\"inLanguage\":\"de\",\"@id\":\"https:\\\/\\\/schoolfood4change.eu\\\/de\\\/blog\\\/2024\\\/04\\\/15\\\/kantine-neu-gedacht\\\/#primaryimage\",\"url\":\"https:\\\/\\\/schoolfood4change.eu\\\/de\\\/wp-content\\\/uploads\\\/sites\\\/12\\\/2024\\\/04\\\/Screenshot-2024-06-04-173321.png\",\"contentUrl\":\"https:\\\/\\\/schoolfood4change.eu\\\/de\\\/wp-content\\\/uploads\\\/sites\\\/12\\\/2024\\\/04\\\/Screenshot-2024-06-04-173321.png\",\"width\":1139,\"height\":638},{\"@type\":\"BreadcrumbList\",\"@id\":\"https:\\\/\\\/schoolfood4change.eu\\\/de\\\/blog\\\/2024\\\/04\\\/15\\\/kantine-neu-gedacht\\\/#breadcrumb\",\"itemListElement\":[{\"@type\":\"ListItem\",\"position\":1,\"name\":\"Home\",\"item\":\"https:\\\/\\\/schoolfood4change.eu\\\/de\\\/\"},{\"@type\":\"ListItem\",\"position\":2,\"name\":\"SchoolFood4Change Wien bei ZDF plan b\"}]},{\"@type\":\"WebSite\",\"@id\":\"https:\\\/\\\/schoolfood4change.eu\\\/de\\\/#website\",\"url\":\"https:\\\/\\\/schoolfood4change.eu\\\/de\\\/\",\"name\":\"SchoolFood4Change DE\",\"description\":\"\",\"publisher\":{\"@id\":\"https:\\\/\\\/schoolfood4change.eu\\\/de\\\/#organization\"},\"potentialAction\":[{\"@type\":\"SearchAction\",\"target\":{\"@type\":\"EntryPoint\",\"urlTemplate\":\"https:\\\/\\\/schoolfood4change.eu\\\/de\\\/?s={search_term_string}\"},\"query-input\":{\"@type\":\"PropertyValueSpecification\",\"valueRequired\":true,\"valueName\":\"search_term_string\"}}],\"inLanguage\":\"de\"},{\"@type\":\"Organization\",\"@id\":\"https:\\\/\\\/schoolfood4change.eu\\\/de\\\/#organization\",\"name\":\"SchoolFood4Change DE\",\"url\":\"https:\\\/\\\/schoolfood4change.eu\\\/de\\\/\",\"logo\":{\"@type\":\"ImageObject\",\"inLanguage\":\"de\",\"@id\":\"https:\\\/\\\/schoolfood4change.eu\\\/de\\\/#\\\/schema\\\/logo\\\/image\\\/\",\"url\":\"https:\\\/\\\/schoolfood4change.eu\\\/de\\\/wp-content\\\/uploads\\\/sites\\\/12\\\/2022\\\/06\\\/schholfood.svg\",\"contentUrl\":\"https:\\\/\\\/schoolfood4change.eu\\\/de\\\/wp-content\\\/uploads\\\/sites\\\/12\\\/2022\\\/06\\\/schholfood.svg\",\"width\":273,\"height\":90,\"caption\":\"SchoolFood4Change DE\"},\"image\":{\"@id\":\"https:\\\/\\\/schoolfood4change.eu\\\/de\\\/#\\\/schema\\\/logo\\\/image\\\/\"}},{\"@type\":\"Person\",\"@id\":\"https:\\\/\\\/schoolfood4change.eu\\\/de\\\/#\\\/schema\\\/person\\\/32ece097852a50d2a0b1fb5d1ba02ea0\",\"name\":\"jhaas\",\"image\":{\"@type\":\"ImageObject\",\"inLanguage\":\"de\",\"@id\":\"https:\\\/\\\/secure.gravatar.com\\\/avatar\\\/85e33fd8f7ffdf5f812554a0fde4a5e2f986acd19686a8364abcbd56804fdd68?s=96&d=mm&r=g\",\"url\":\"https:\\\/\\\/secure.gravatar.com\\\/avatar\\\/85e33fd8f7ffdf5f812554a0fde4a5e2f986acd19686a8364abcbd56804fdd68?s=96&d=mm&r=g\",\"contentUrl\":\"https:\\\/\\\/secure.gravatar.com\\\/avatar\\\/85e33fd8f7ffdf5f812554a0fde4a5e2f986acd19686a8364abcbd56804fdd68?s=96&d=mm&r=g\",\"caption\":\"jhaas\"},\"url\":\"https:\\\/\\\/schoolfood4change.eu\\\/de\\\/blog\\\/author\\\/jhaas\\\/\"}]}<\/script>\n<!-- \/ Yoast SEO plugin. -->","yoast_head_json":{"title":"SchoolFood4Change Wien bei ZDF plan b - SchoolFood4Change DE","description":"SchoolFood4Change startet in die praktische Zusammenarbeit mit Schulcaterern aus N\u00fcrnberg und Essen","robots":{"index":"index","follow":"follow","max-snippet":"max-snippet:-1","max-image-preview":"max-image-preview:large","max-video-preview":"max-video-preview:-1"},"canonical":"https:\/\/schoolfood4change.eu\/de\/blog\/2024\/04\/15\/kantine-neu-gedacht\/","og_locale":"de_DE","og_type":"article","og_title":"SchoolFood4Change Wien bei ZDF plan b - SchoolFood4Change DE","og_description":"SchoolFood4Change startet in die praktische Zusammenarbeit mit Schulcaterern aus N\u00fcrnberg und Essen","og_url":"https:\/\/schoolfood4change.eu\/de\/blog\/2024\/04\/15\/kantine-neu-gedacht\/","og_site_name":"SchoolFood4Change DE","article_published_time":"2024-04-15T15:08:38+00:00","article_modified_time":"2024-06-04T17:45:18+00:00","og_image":[{"width":1139,"height":638,"url":"https:\/\/schoolfood4change.eu\/de\/wp-content\/uploads\/sites\/12\/2024\/04\/Screenshot-2024-06-04-173321.png","type":"image\/png"}],"author":"jhaas","twitter_card":"summary_large_image","twitter_misc":{"Verfasst von":"jhaas","Gesch\u00e4tzte Lesezeit":"4\u00a0Minuten"},"schema":{"@context":"https:\/\/schema.org","@graph":[{"@type":"Article","@id":"https:\/\/schoolfood4change.eu\/de\/blog\/2024\/04\/15\/kantine-neu-gedacht\/#article","isPartOf":{"@id":"https:\/\/schoolfood4change.eu\/de\/blog\/2024\/04\/15\/kantine-neu-gedacht\/"},"author":{"name":"jhaas","@id":"https:\/\/schoolfood4change.eu\/de\/#\/schema\/person\/32ece097852a50d2a0b1fb5d1ba02ea0"},"headline":"SchoolFood4Change Wien bei ZDF plan b","datePublished":"2024-04-15T15:08:38+00:00","dateModified":"2024-06-04T17:45:18+00:00","mainEntityOfPage":{"@id":"https:\/\/schoolfood4change.eu\/de\/blog\/2024\/04\/15\/kantine-neu-gedacht\/"},"wordCount":642,"publisher":{"@id":"https:\/\/schoolfood4change.eu\/de\/#organization"},"image":{"@id":"https:\/\/schoolfood4change.eu\/de\/blog\/2024\/04\/15\/kantine-neu-gedacht\/#primaryimage"},"thumbnailUrl":"https:\/\/schoolfood4change.eu\/de\/wp-content\/uploads\/sites\/12\/2024\/04\/Screenshot-2024-06-04-173321.png","keywords":["Doku","Presse","WholeSchoolFoodApproach","Wien","ZDF"],"articleSection":["Neuigkeiten"],"inLanguage":"de"},{"@type":"WebPage","@id":"https:\/\/schoolfood4change.eu\/de\/blog\/2024\/04\/15\/kantine-neu-gedacht\/","url":"https:\/\/schoolfood4change.eu\/de\/blog\/2024\/04\/15\/kantine-neu-gedacht\/","name":"SchoolFood4Change Wien bei ZDF plan b - SchoolFood4Change DE","isPartOf":{"@id":"https:\/\/schoolfood4change.eu\/de\/#website"},"primaryImageOfPage":{"@id":"https:\/\/schoolfood4change.eu\/de\/blog\/2024\/04\/15\/kantine-neu-gedacht\/#primaryimage"},"image":{"@id":"https:\/\/schoolfood4change.eu\/de\/blog\/2024\/04\/15\/kantine-neu-gedacht\/#primaryimage"},"thumbnailUrl":"https:\/\/schoolfood4change.eu\/de\/wp-content\/uploads\/sites\/12\/2024\/04\/Screenshot-2024-06-04-173321.png","datePublished":"2024-04-15T15:08:38+00:00","dateModified":"2024-06-04T17:45:18+00:00","description":"SchoolFood4Change startet in die praktische Zusammenarbeit mit Schulcaterern aus N\u00fcrnberg und Essen","breadcrumb":{"@id":"https:\/\/schoolfood4change.eu\/de\/blog\/2024\/04\/15\/kantine-neu-gedacht\/#breadcrumb"},"inLanguage":"de","potentialAction":[{"@type":"ReadAction","target":["https:\/\/schoolfood4change.eu\/de\/blog\/2024\/04\/15\/kantine-neu-gedacht\/"]}]},{"@type":"ImageObject","inLanguage":"de","@id":"https:\/\/schoolfood4change.eu\/de\/blog\/2024\/04\/15\/kantine-neu-gedacht\/#primaryimage","url":"https:\/\/schoolfood4change.eu\/de\/wp-content\/uploads\/sites\/12\/2024\/04\/Screenshot-2024-06-04-173321.png","contentUrl":"https:\/\/schoolfood4change.eu\/de\/wp-content\/uploads\/sites\/12\/2024\/04\/Screenshot-2024-06-04-173321.png","width":1139,"height":638},{"@type":"BreadcrumbList","@id":"https:\/\/schoolfood4change.eu\/de\/blog\/2024\/04\/15\/kantine-neu-gedacht\/#breadcrumb","itemListElement":[{"@type":"ListItem","position":1,"name":"Home","item":"https:\/\/schoolfood4change.eu\/de\/"},{"@type":"ListItem","position":2,"name":"SchoolFood4Change Wien bei ZDF plan b"}]},{"@type":"WebSite","@id":"https:\/\/schoolfood4change.eu\/de\/#website","url":"https:\/\/schoolfood4change.eu\/de\/","name":"SchoolFood4Change DE","description":"","publisher":{"@id":"https:\/\/schoolfood4change.eu\/de\/#organization"},"potentialAction":[{"@type":"SearchAction","target":{"@type":"EntryPoint","urlTemplate":"https:\/\/schoolfood4change.eu\/de\/?s={search_term_string}"},"query-input":{"@type":"PropertyValueSpecification","valueRequired":true,"valueName":"search_term_string"}}],"inLanguage":"de"},{"@type":"Organization","@id":"https:\/\/schoolfood4change.eu\/de\/#organization","name":"SchoolFood4Change DE","url":"https:\/\/schoolfood4change.eu\/de\/","logo":{"@type":"ImageObject","inLanguage":"de","@id":"https:\/\/schoolfood4change.eu\/de\/#\/schema\/logo\/image\/","url":"https:\/\/schoolfood4change.eu\/de\/wp-content\/uploads\/sites\/12\/2022\/06\/schholfood.svg","contentUrl":"https:\/\/schoolfood4change.eu\/de\/wp-content\/uploads\/sites\/12\/2022\/06\/schholfood.svg","width":273,"height":90,"caption":"SchoolFood4Change DE"},"image":{"@id":"https:\/\/schoolfood4change.eu\/de\/#\/schema\/logo\/image\/"}},{"@type":"Person","@id":"https:\/\/schoolfood4change.eu\/de\/#\/schema\/person\/32ece097852a50d2a0b1fb5d1ba02ea0","name":"jhaas","image":{"@type":"ImageObject","inLanguage":"de","@id":"https:\/\/secure.gravatar.com\/avatar\/85e33fd8f7ffdf5f812554a0fde4a5e2f986acd19686a8364abcbd56804fdd68?s=96&d=mm&r=g","url":"https:\/\/secure.gravatar.com\/avatar\/85e33fd8f7ffdf5f812554a0fde4a5e2f986acd19686a8364abcbd56804fdd68?s=96&d=mm&r=g","contentUrl":"https:\/\/secure.gravatar.com\/avatar\/85e33fd8f7ffdf5f812554a0fde4a5e2f986acd19686a8364abcbd56804fdd68?s=96&d=mm&r=g","caption":"jhaas"},"url":"https:\/\/schoolfood4change.eu\/de\/blog\/author\/jhaas\/"}]}},"_links":{"self":[{"href":"https:\/\/schoolfood4change.eu\/de\/wp-json\/wp\/v2\/posts\/5743","targetHints":{"allow":["GET"]}}],"collection":[{"href":"https:\/\/schoolfood4change.eu\/de\/wp-json\/wp\/v2\/posts"}],"about":[{"href":"https:\/\/schoolfood4change.eu\/de\/wp-json\/wp\/v2\/types\/post"}],"author":[{"embeddable":true,"href":"https:\/\/schoolfood4change.eu\/de\/wp-json\/wp\/v2\/users\/24"}],"replies":[{"embeddable":true,"href":"https:\/\/schoolfood4change.eu\/de\/wp-json\/wp\/v2\/comments?post=5743"}],"version-history":[{"count":12,"href":"https:\/\/schoolfood4change.eu\/de\/wp-json\/wp\/v2\/posts\/5743\/revisions"}],"predecessor-version":[{"id":5810,"href":"https:\/\/schoolfood4change.eu\/de\/wp-json\/wp\/v2\/posts\/5743\/revisions\/5810"}],"wp:featuredmedia":[{"embeddable":true,"href":"https:\/\/schoolfood4change.eu\/de\/wp-json\/wp\/v2\/media\/5769"}],"wp:attachment":[{"href":"https:\/\/schoolfood4change.eu\/de\/wp-json\/wp\/v2\/media?parent=5743"}],"wp:term":[{"taxonomy":"category","embeddable":true,"href":"https:\/\/schoolfood4change.eu\/de\/wp-json\/wp\/v2\/categories?post=5743"},{"taxonomy":"post_tag","embeddable":true,"href":"https:\/\/schoolfood4change.eu\/de\/wp-json\/wp\/v2\/tags?post=5743"}],"curies":[{"name":"wp","href":"https:\/\/api.w.org\/{rel}","templated":true}]}}