{"id":5200,"date":"2024-05-02T15:05:59","date_gmt":"2024-05-02T13:05:59","guid":{"rendered":"https:\/\/schoolfood4change.eu\/de\/?p=5200"},"modified":"2024-06-13T15:14:18","modified_gmt":"2024-06-13T13:14:18","slug":"bauernhof-im-koffer","status":"publish","type":"post","link":"https:\/\/schoolfood4change.eu\/de\/blog\/2024\/05\/02\/bauernhof-im-koffer\/","title":{"rendered":"Lernort Bonnekamph\u00f6he in Essen"},"content":{"rendered":"\n<p class=\" eplus-wrapper\">Das SchoolFood4Change-Team der Johann-Michael-Sailer-Schule, besuchten am 2. Mai die Bonnekamph\u00f6he, ein ca. drei Hektar gro\u00dfes Naturgartenparadies und bestes Beispiel f\u00fcr urbanen Biolandbau mitten in der Stadt Essen. Die Erh\u00f6hung der Biodiversit\u00e4t und der Erhalt der Sortenvielfalt sind ebenso Ziele des Projektes wie die \u00f6kologische Bildung von Kindern, die hier spielerisch und mit allen Sinnen die Natur erleben k\u00f6nnen.<\/p>\n\n\n\n<p class=\" eplus-wrapper\">Bei sch\u00f6nstem Fr\u00fchlingswetter erkundeten wir mit Gina von der Bonnekamph\u00f6he Teile des Naturgartens und begegneten vielen verschiedenen heimischen Pflanzen, die wir durch Riechen und genaues Hinsehen bestimmen konnten. Diesen Lebensraum mit schwirrenden Insekten, singenden V\u00f6geln, quakenden Fr\u00f6schen und br\u00fctenden H\u00fchnern zu erleben, war f\u00fcr alle Kinder ein Erlebnis und wird sicher noch lange in guter Erinnerung bleiben.<\/p>\n\n\n\n<figure class=\"wp-block-gallery has-nested-images columns-default is-cropped eplus-wrapper wp-block-gallery-1\">\n<figure class=\" wp-block-image size-large eplus-wrapper\"><img loading=\"lazy\" decoding=\"async\" width=\"1504\" height=\"2016\" data-id=\"5326\" src=\"https:\/\/schoolfood4change.eu\/de\/wp-content\/uploads\/sites\/12\/2024\/05\/IMG_5171-min.jpg\" alt=\"\" class=\"wp-image-5326\" \/><\/figure>\n\n\n\n<figure class=\" wp-block-image size-large eplus-wrapper\"><img loading=\"lazy\" decoding=\"async\" width=\"2016\" height=\"1512\" data-id=\"5329\" src=\"https:\/\/schoolfood4change.eu\/de\/wp-content\/uploads\/sites\/12\/2024\/05\/IMG_5194-1.jpg\" alt=\"\" class=\"wp-image-5329\" \/><\/figure>\n\n\n\n<figure class=\" wp-block-image size-large eplus-wrapper\"><img loading=\"lazy\" decoding=\"async\" width=\"1504\" height=\"2016\" data-id=\"5325\" src=\"https:\/\/schoolfood4change.eu\/de\/wp-content\/uploads\/sites\/12\/2024\/05\/IMG_5165-min.jpg\" alt=\"\" class=\"wp-image-5325\" \/><\/figure>\n\n\n\n<figure class=\" wp-block-image size-large eplus-wrapper\"><img loading=\"lazy\" decoding=\"async\" width=\"1504\" height=\"2016\" data-id=\"5328\" src=\"https:\/\/schoolfood4change.eu\/de\/wp-content\/uploads\/sites\/12\/2024\/05\/IMG_5186-min-1.jpg\" alt=\"\" class=\"wp-image-5328\" \/><\/figure>\n\n\n\n<figure class=\" wp-block-image size-large eplus-wrapper\"><img loading=\"lazy\" decoding=\"async\" width=\"1504\" height=\"2016\" data-id=\"5327\" src=\"https:\/\/schoolfood4change.eu\/de\/wp-content\/uploads\/sites\/12\/2024\/05\/IMG_5177-min.jpg\" alt=\"\" class=\"wp-image-5327\" \/><\/figure>\n<\/figure>\n\n\n\n<p class=\" eplus-wrapper\">Nach eineinhalb spannenden Stunden sammelten die Kinder gemeinsam heimische Kr\u00e4uter und bereiteten einen leckeren Kr\u00e4uterquark zu, der mit frischem Baguette und gekochten Eiern im Freien verzehrt wurde. Ein sch\u00f6ner Abschluss und ein rundum gelungener Ausflug! Wir kommen gerne wieder und bedanken uns bei Gina f\u00fcr die tolle Begleitung!<\/p>\n\n\n\n<h6 class=\" wp-block-heading eplus-wrapper\">Kontakt<\/h6>\n\n\n\n<p class=\" eplus-wrapper\"><strong>Gina Jost<\/strong><br>Bonnekamp Stiftung f\u00fcr die integrierte Stadt <br><a href=\"mailto:info@bonnekamp-stiftung.de\">info@bonnekamp-stiftung.de <\/a><br><a href=\"http:\/\/www.bonnekamp-stiftung.net\">www.bonnekamp-stiftung.net<\/a><\/p>\n\n\n\n<div class=\"wp-block-buttons eplus-wrapper is-layout-flex wp-block-buttons-is-layout-flex\">\n<div class=\" wp-block-button eplus-wrapper\"><a class=\"wp-block-button__link wp-element-button\" href=\"https:\/\/schoolfood4change.eu\/de\/news\/\">Zur\u00fcck zum \u00dcberblick<\/a><\/div>\n<\/div>\n","protected":false},"excerpt":{"rendered":"<p>Anfang Mai war die Johann-Michael-Seiler-Schule zu Besuch bei der Bonnekamph\u00f6he, ein Beispiel f\u00fcr urbanen Biolandbau mitten in der Stadt Essen.<\/p>\n","protected":false},"author":20,"featured_media":5333,"comment_status":"closed","ping_status":"closed","sticky":false,"template":"","format":"standard","meta":{"_acf_changed":false,"inline_featured_image":false,"editor_plus_copied_stylings":"{}","footnotes":""},"categories":[19],"tags":[105,100,101,104,102,103],"class_list":["post-5200","post","type-post","status-publish","format-standard","has-post-thumbnail","hentry","category-neuigkeiten","tag-bauernhof","tag-ernaehrungsbildung","tag-kita","tag-partnerschaft","tag-schule","tag-wholeschoolfoodapproach"],"blocksy_meta":{"styles_descriptor":{"styles":{"desktop":"","tablet":"","mobile":""},"google_fonts":[],"version":6}},"acf":[],"yoast_head":"<!-- This site is optimized with the Yoast SEO plugin v27.5 - https:\/\/yoast.com\/product\/yoast-seo-wordpress\/ -->\n<title>Lernort Bonnekamph\u00f6he in Essen - SchoolFood4Change DE<\/title>\n<meta name=\"description\" content=\"SchoolFood4Change startet in die praktische Zusammenarbeit mit Schulcaterern aus N\u00fcrnberg und Essen\" \/>\n<meta name=\"robots\" content=\"index, follow, max-snippet:-1, max-image-preview:large, max-video-preview:-1\" \/>\n<link rel=\"canonical\" href=\"https:\/\/schoolfood4change.eu\/de\/blog\/2024\/05\/02\/bauernhof-im-koffer\/\" \/>\n<meta property=\"og:locale\" content=\"de_DE\" \/>\n<meta property=\"og:type\" content=\"article\" \/>\n<meta property=\"og:title\" content=\"Lernort Bonnekamph\u00f6he in Essen - SchoolFood4Change DE\" \/>\n<meta property=\"og:description\" content=\"SchoolFood4Change startet in die praktische Zusammenarbeit mit Schulcaterern aus N\u00fcrnberg und Essen\" \/>\n<meta property=\"og:url\" content=\"https:\/\/schoolfood4change.eu\/de\/blog\/2024\/05\/02\/bauernhof-im-koffer\/\" \/>\n<meta property=\"og:site_name\" content=\"SchoolFood4Change DE\" \/>\n<meta property=\"article:published_time\" content=\"2024-05-02T13:05:59+00:00\" \/>\n<meta property=\"article:modified_time\" content=\"2024-06-13T13:14:18+00:00\" \/>\n<meta property=\"og:image\" content=\"https:\/\/schoolfood4change.eu\/de\/wp-content\/uploads\/sites\/12\/2024\/04\/IMG_5166-min.jpg\" \/>\n\t<meta property=\"og:image:width\" content=\"1504\" \/>\n\t<meta property=\"og:image:height\" content=\"2016\" \/>\n\t<meta property=\"og:image:type\" content=\"image\/jpeg\" \/>\n<meta name=\"author\" content=\"absr\" \/>\n<meta name=\"twitter:card\" content=\"summary_large_image\" \/>\n<meta name=\"twitter:label1\" content=\"Verfasst von\" \/>\n\t<meta name=\"twitter:data1\" content=\"absr\" \/>\n\t<meta name=\"twitter:label2\" content=\"Gesch\u00e4tzte Lesezeit\" \/>\n\t<meta name=\"twitter:data2\" content=\"3\u00a0Minuten\" \/>\n<script type=\"application\/ld+json\" class=\"yoast-schema-graph\">{\"@context\":\"https:\\\/\\\/schema.org\",\"@graph\":[{\"@type\":\"Article\",\"@id\":\"https:\\\/\\\/schoolfood4change.eu\\\/de\\\/blog\\\/2024\\\/05\\\/02\\\/bauernhof-im-koffer\\\/#article\",\"isPartOf\":{\"@id\":\"https:\\\/\\\/schoolfood4change.eu\\\/de\\\/blog\\\/2024\\\/05\\\/02\\\/bauernhof-im-koffer\\\/\"},\"author\":{\"name\":\"absr\",\"@id\":\"https:\\\/\\\/schoolfood4change.eu\\\/de\\\/#\\\/schema\\\/person\\\/98ca6a6dd2ce8dd45976ccdbceb015c3\"},\"headline\":\"Lernort Bonnekamph\u00f6he in Essen\",\"datePublished\":\"2024-05-02T13:05:59+00:00\",\"dateModified\":\"2024-06-13T13:14:18+00:00\",\"mainEntityOfPage\":{\"@id\":\"https:\\\/\\\/schoolfood4change.eu\\\/de\\\/blog\\\/2024\\\/05\\\/02\\\/bauernhof-im-koffer\\\/\"},\"wordCount\":206,\"publisher\":{\"@id\":\"https:\\\/\\\/schoolfood4change.eu\\\/de\\\/#organization\"},\"image\":{\"@id\":\"https:\\\/\\\/schoolfood4change.eu\\\/de\\\/blog\\\/2024\\\/05\\\/02\\\/bauernhof-im-koffer\\\/#primaryimage\"},\"thumbnailUrl\":\"https:\\\/\\\/schoolfood4change.eu\\\/de\\\/wp-content\\\/uploads\\\/sites\\\/12\\\/2024\\\/04\\\/IMG_5166-min.jpg\",\"keywords\":[\"Bauernhof\",\"Ern\u00e4hrungsbildung\",\"Kita\",\"Partnerschaft\",\"Schule\",\"WholeSchoolFoodApproach\"],\"articleSection\":[\"Neuigkeiten\"],\"inLanguage\":\"de\"},{\"@type\":\"WebPage\",\"@id\":\"https:\\\/\\\/schoolfood4change.eu\\\/de\\\/blog\\\/2024\\\/05\\\/02\\\/bauernhof-im-koffer\\\/\",\"url\":\"https:\\\/\\\/schoolfood4change.eu\\\/de\\\/blog\\\/2024\\\/05\\\/02\\\/bauernhof-im-koffer\\\/\",\"name\":\"Lernort Bonnekamph\u00f6he in Essen - SchoolFood4Change DE\",\"isPartOf\":{\"@id\":\"https:\\\/\\\/schoolfood4change.eu\\\/de\\\/#website\"},\"primaryImageOfPage\":{\"@id\":\"https:\\\/\\\/schoolfood4change.eu\\\/de\\\/blog\\\/2024\\\/05\\\/02\\\/bauernhof-im-koffer\\\/#primaryimage\"},\"image\":{\"@id\":\"https:\\\/\\\/schoolfood4change.eu\\\/de\\\/blog\\\/2024\\\/05\\\/02\\\/bauernhof-im-koffer\\\/#primaryimage\"},\"thumbnailUrl\":\"https:\\\/\\\/schoolfood4change.eu\\\/de\\\/wp-content\\\/uploads\\\/sites\\\/12\\\/2024\\\/04\\\/IMG_5166-min.jpg\",\"datePublished\":\"2024-05-02T13:05:59+00:00\",\"dateModified\":\"2024-06-13T13:14:18+00:00\",\"description\":\"SchoolFood4Change startet in die praktische Zusammenarbeit mit Schulcaterern aus N\u00fcrnberg und Essen\",\"breadcrumb\":{\"@id\":\"https:\\\/\\\/schoolfood4change.eu\\\/de\\\/blog\\\/2024\\\/05\\\/02\\\/bauernhof-im-koffer\\\/#breadcrumb\"},\"inLanguage\":\"de\",\"potentialAction\":[{\"@type\":\"ReadAction\",\"target\":[\"https:\\\/\\\/schoolfood4change.eu\\\/de\\\/blog\\\/2024\\\/05\\\/02\\\/bauernhof-im-koffer\\\/\"]}]},{\"@type\":\"ImageObject\",\"inLanguage\":\"de\",\"@id\":\"https:\\\/\\\/schoolfood4change.eu\\\/de\\\/blog\\\/2024\\\/05\\\/02\\\/bauernhof-im-koffer\\\/#primaryimage\",\"url\":\"https:\\\/\\\/schoolfood4change.eu\\\/de\\\/wp-content\\\/uploads\\\/sites\\\/12\\\/2024\\\/04\\\/IMG_5166-min.jpg\",\"contentUrl\":\"https:\\\/\\\/schoolfood4change.eu\\\/de\\\/wp-content\\\/uploads\\\/sites\\\/12\\\/2024\\\/04\\\/IMG_5166-min.jpg\",\"width\":1504,\"height\":2016},{\"@type\":\"BreadcrumbList\",\"@id\":\"https:\\\/\\\/schoolfood4change.eu\\\/de\\\/blog\\\/2024\\\/05\\\/02\\\/bauernhof-im-koffer\\\/#breadcrumb\",\"itemListElement\":[{\"@type\":\"ListItem\",\"position\":1,\"name\":\"Home\",\"item\":\"https:\\\/\\\/schoolfood4change.eu\\\/de\\\/\"},{\"@type\":\"ListItem\",\"position\":2,\"name\":\"Lernort Bonnekamph\u00f6he in Essen\"}]},{\"@type\":\"WebSite\",\"@id\":\"https:\\\/\\\/schoolfood4change.eu\\\/de\\\/#website\",\"url\":\"https:\\\/\\\/schoolfood4change.eu\\\/de\\\/\",\"name\":\"SchoolFood4Change DE\",\"description\":\"\",\"publisher\":{\"@id\":\"https:\\\/\\\/schoolfood4change.eu\\\/de\\\/#organization\"},\"potentialAction\":[{\"@type\":\"SearchAction\",\"target\":{\"@type\":\"EntryPoint\",\"urlTemplate\":\"https:\\\/\\\/schoolfood4change.eu\\\/de\\\/?s={search_term_string}\"},\"query-input\":{\"@type\":\"PropertyValueSpecification\",\"valueRequired\":true,\"valueName\":\"search_term_string\"}}],\"inLanguage\":\"de\"},{\"@type\":\"Organization\",\"@id\":\"https:\\\/\\\/schoolfood4change.eu\\\/de\\\/#organization\",\"name\":\"SchoolFood4Change DE\",\"url\":\"https:\\\/\\\/schoolfood4change.eu\\\/de\\\/\",\"logo\":{\"@type\":\"ImageObject\",\"inLanguage\":\"de\",\"@id\":\"https:\\\/\\\/schoolfood4change.eu\\\/de\\\/#\\\/schema\\\/logo\\\/image\\\/\",\"url\":\"https:\\\/\\\/schoolfood4change.eu\\\/de\\\/wp-content\\\/uploads\\\/sites\\\/12\\\/2022\\\/06\\\/schholfood.svg\",\"contentUrl\":\"https:\\\/\\\/schoolfood4change.eu\\\/de\\\/wp-content\\\/uploads\\\/sites\\\/12\\\/2022\\\/06\\\/schholfood.svg\",\"width\":273,\"height\":90,\"caption\":\"SchoolFood4Change DE\"},\"image\":{\"@id\":\"https:\\\/\\\/schoolfood4change.eu\\\/de\\\/#\\\/schema\\\/logo\\\/image\\\/\"}},{\"@type\":\"Person\",\"@id\":\"https:\\\/\\\/schoolfood4change.eu\\\/de\\\/#\\\/schema\\\/person\\\/98ca6a6dd2ce8dd45976ccdbceb015c3\",\"name\":\"absr\",\"image\":{\"@type\":\"ImageObject\",\"inLanguage\":\"de\",\"@id\":\"https:\\\/\\\/secure.gravatar.com\\\/avatar\\\/5b71f8a7cb2d779c1c208db55c33d9d52951c88fc63c7664a3fd893f90f556d5?s=96&d=mm&r=g\",\"url\":\"https:\\\/\\\/secure.gravatar.com\\\/avatar\\\/5b71f8a7cb2d779c1c208db55c33d9d52951c88fc63c7664a3fd893f90f556d5?s=96&d=mm&r=g\",\"contentUrl\":\"https:\\\/\\\/secure.gravatar.com\\\/avatar\\\/5b71f8a7cb2d779c1c208db55c33d9d52951c88fc63c7664a3fd893f90f556d5?s=96&d=mm&r=g\",\"caption\":\"absr\"},\"url\":\"https:\\\/\\\/schoolfood4change.eu\\\/de\\\/blog\\\/author\\\/absr\\\/\"}]}<\/script>\n<!-- \/ Yoast SEO plugin. -->","yoast_head_json":{"title":"Lernort Bonnekamph\u00f6he in Essen - SchoolFood4Change DE","description":"SchoolFood4Change startet in die praktische Zusammenarbeit mit Schulcaterern aus N\u00fcrnberg und Essen","robots":{"index":"index","follow":"follow","max-snippet":"max-snippet:-1","max-image-preview":"max-image-preview:large","max-video-preview":"max-video-preview:-1"},"canonical":"https:\/\/schoolfood4change.eu\/de\/blog\/2024\/05\/02\/bauernhof-im-koffer\/","og_locale":"de_DE","og_type":"article","og_title":"Lernort Bonnekamph\u00f6he in Essen - SchoolFood4Change DE","og_description":"SchoolFood4Change startet in die praktische Zusammenarbeit mit Schulcaterern aus N\u00fcrnberg und Essen","og_url":"https:\/\/schoolfood4change.eu\/de\/blog\/2024\/05\/02\/bauernhof-im-koffer\/","og_site_name":"SchoolFood4Change DE","article_published_time":"2024-05-02T13:05:59+00:00","article_modified_time":"2024-06-13T13:14:18+00:00","og_image":[{"width":1504,"height":2016,"url":"https:\/\/schoolfood4change.eu\/de\/wp-content\/uploads\/sites\/12\/2024\/04\/IMG_5166-min.jpg","type":"image\/jpeg"}],"author":"absr","twitter_card":"summary_large_image","twitter_misc":{"Verfasst von":"absr","Gesch\u00e4tzte Lesezeit":"3\u00a0Minuten"},"schema":{"@context":"https:\/\/schema.org","@graph":[{"@type":"Article","@id":"https:\/\/schoolfood4change.eu\/de\/blog\/2024\/05\/02\/bauernhof-im-koffer\/#article","isPartOf":{"@id":"https:\/\/schoolfood4change.eu\/de\/blog\/2024\/05\/02\/bauernhof-im-koffer\/"},"author":{"name":"absr","@id":"https:\/\/schoolfood4change.eu\/de\/#\/schema\/person\/98ca6a6dd2ce8dd45976ccdbceb015c3"},"headline":"Lernort Bonnekamph\u00f6he in Essen","datePublished":"2024-05-02T13:05:59+00:00","dateModified":"2024-06-13T13:14:18+00:00","mainEntityOfPage":{"@id":"https:\/\/schoolfood4change.eu\/de\/blog\/2024\/05\/02\/bauernhof-im-koffer\/"},"wordCount":206,"publisher":{"@id":"https:\/\/schoolfood4change.eu\/de\/#organization"},"image":{"@id":"https:\/\/schoolfood4change.eu\/de\/blog\/2024\/05\/02\/bauernhof-im-koffer\/#primaryimage"},"thumbnailUrl":"https:\/\/schoolfood4change.eu\/de\/wp-content\/uploads\/sites\/12\/2024\/04\/IMG_5166-min.jpg","keywords":["Bauernhof","Ern\u00e4hrungsbildung","Kita","Partnerschaft","Schule","WholeSchoolFoodApproach"],"articleSection":["Neuigkeiten"],"inLanguage":"de"},{"@type":"WebPage","@id":"https:\/\/schoolfood4change.eu\/de\/blog\/2024\/05\/02\/bauernhof-im-koffer\/","url":"https:\/\/schoolfood4change.eu\/de\/blog\/2024\/05\/02\/bauernhof-im-koffer\/","name":"Lernort Bonnekamph\u00f6he in Essen - SchoolFood4Change DE","isPartOf":{"@id":"https:\/\/schoolfood4change.eu\/de\/#website"},"primaryImageOfPage":{"@id":"https:\/\/schoolfood4change.eu\/de\/blog\/2024\/05\/02\/bauernhof-im-koffer\/#primaryimage"},"image":{"@id":"https:\/\/schoolfood4change.eu\/de\/blog\/2024\/05\/02\/bauernhof-im-koffer\/#primaryimage"},"thumbnailUrl":"https:\/\/schoolfood4change.eu\/de\/wp-content\/uploads\/sites\/12\/2024\/04\/IMG_5166-min.jpg","datePublished":"2024-05-02T13:05:59+00:00","dateModified":"2024-06-13T13:14:18+00:00","description":"SchoolFood4Change startet in die praktische Zusammenarbeit mit Schulcaterern aus N\u00fcrnberg und Essen","breadcrumb":{"@id":"https:\/\/schoolfood4change.eu\/de\/blog\/2024\/05\/02\/bauernhof-im-koffer\/#breadcrumb"},"inLanguage":"de","potentialAction":[{"@type":"ReadAction","target":["https:\/\/schoolfood4change.eu\/de\/blog\/2024\/05\/02\/bauernhof-im-koffer\/"]}]},{"@type":"ImageObject","inLanguage":"de","@id":"https:\/\/schoolfood4change.eu\/de\/blog\/2024\/05\/02\/bauernhof-im-koffer\/#primaryimage","url":"https:\/\/schoolfood4change.eu\/de\/wp-content\/uploads\/sites\/12\/2024\/04\/IMG_5166-min.jpg","contentUrl":"https:\/\/schoolfood4change.eu\/de\/wp-content\/uploads\/sites\/12\/2024\/04\/IMG_5166-min.jpg","width":1504,"height":2016},{"@type":"BreadcrumbList","@id":"https:\/\/schoolfood4change.eu\/de\/blog\/2024\/05\/02\/bauernhof-im-koffer\/#breadcrumb","itemListElement":[{"@type":"ListItem","position":1,"name":"Home","item":"https:\/\/schoolfood4change.eu\/de\/"},{"@type":"ListItem","position":2,"name":"Lernort Bonnekamph\u00f6he in Essen"}]},{"@type":"WebSite","@id":"https:\/\/schoolfood4change.eu\/de\/#website","url":"https:\/\/schoolfood4change.eu\/de\/","name":"SchoolFood4Change DE","description":"","publisher":{"@id":"https:\/\/schoolfood4change.eu\/de\/#organization"},"potentialAction":[{"@type":"SearchAction","target":{"@type":"EntryPoint","urlTemplate":"https:\/\/schoolfood4change.eu\/de\/?s={search_term_string}"},"query-input":{"@type":"PropertyValueSpecification","valueRequired":true,"valueName":"search_term_string"}}],"inLanguage":"de"},{"@type":"Organization","@id":"https:\/\/schoolfood4change.eu\/de\/#organization","name":"SchoolFood4Change DE","url":"https:\/\/schoolfood4change.eu\/de\/","logo":{"@type":"ImageObject","inLanguage":"de","@id":"https:\/\/schoolfood4change.eu\/de\/#\/schema\/logo\/image\/","url":"https:\/\/schoolfood4change.eu\/de\/wp-content\/uploads\/sites\/12\/2022\/06\/schholfood.svg","contentUrl":"https:\/\/schoolfood4change.eu\/de\/wp-content\/uploads\/sites\/12\/2022\/06\/schholfood.svg","width":273,"height":90,"caption":"SchoolFood4Change DE"},"image":{"@id":"https:\/\/schoolfood4change.eu\/de\/#\/schema\/logo\/image\/"}},{"@type":"Person","@id":"https:\/\/schoolfood4change.eu\/de\/#\/schema\/person\/98ca6a6dd2ce8dd45976ccdbceb015c3","name":"absr","image":{"@type":"ImageObject","inLanguage":"de","@id":"https:\/\/secure.gravatar.com\/avatar\/5b71f8a7cb2d779c1c208db55c33d9d52951c88fc63c7664a3fd893f90f556d5?s=96&d=mm&r=g","url":"https:\/\/secure.gravatar.com\/avatar\/5b71f8a7cb2d779c1c208db55c33d9d52951c88fc63c7664a3fd893f90f556d5?s=96&d=mm&r=g","contentUrl":"https:\/\/secure.gravatar.com\/avatar\/5b71f8a7cb2d779c1c208db55c33d9d52951c88fc63c7664a3fd893f90f556d5?s=96&d=mm&r=g","caption":"absr"},"url":"https:\/\/schoolfood4change.eu\/de\/blog\/author\/absr\/"}]}},"_links":{"self":[{"href":"https:\/\/schoolfood4change.eu\/de\/wp-json\/wp\/v2\/posts\/5200","targetHints":{"allow":["GET"]}}],"collection":[{"href":"https:\/\/schoolfood4change.eu\/de\/wp-json\/wp\/v2\/posts"}],"about":[{"href":"https:\/\/schoolfood4change.eu\/de\/wp-json\/wp\/v2\/types\/post"}],"author":[{"embeddable":true,"href":"https:\/\/schoolfood4change.eu\/de\/wp-json\/wp\/v2\/users\/20"}],"replies":[{"embeddable":true,"href":"https:\/\/schoolfood4change.eu\/de\/wp-json\/wp\/v2\/comments?post=5200"}],"version-history":[{"count":17,"href":"https:\/\/schoolfood4change.eu\/de\/wp-json\/wp\/v2\/posts\/5200\/revisions"}],"predecessor-version":[{"id":5888,"href":"https:\/\/schoolfood4change.eu\/de\/wp-json\/wp\/v2\/posts\/5200\/revisions\/5888"}],"wp:featuredmedia":[{"embeddable":true,"href":"https:\/\/schoolfood4change.eu\/de\/wp-json\/wp\/v2\/media\/5333"}],"wp:attachment":[{"href":"https:\/\/schoolfood4change.eu\/de\/wp-json\/wp\/v2\/media?parent=5200"}],"wp:term":[{"taxonomy":"category","embeddable":true,"href":"https:\/\/schoolfood4change.eu\/de\/wp-json\/wp\/v2\/categories?post=5200"},{"taxonomy":"post_tag","embeddable":true,"href":"https:\/\/schoolfood4change.eu\/de\/wp-json\/wp\/v2\/tags?post=5200"}],"curies":[{"name":"wp","href":"https:\/\/api.w.org\/{rel}","templated":true}]}}